{"id":9995,"date":"2024-08-16T09:26:43","date_gmt":"2024-08-16T06:26:43","guid":{"rendered":"https:\/\/www.alevcamcioglu.com\/?p=9995"},"modified":"2025-08-27T17:04:26","modified_gmt":"2025-08-27T17:04:26","slug":"nasen-op-bei-personen-mit-lippen-kiefer-gaumenspalte","status":"publish","type":"post","link":"https:\/\/www.alevcamcioglu.com\/de\/nasen-op-bei-personen-mit-lippen-kiefer-gaumenspalte\/","title":{"rendered":"Nasen-OP bei Personen mit Lippen-Kiefer-Gaumenspalte"},"content":{"rendered":"<p><span style=\"font-weight: 400;\">Eine Nasen-OP bei Patienten mit Lippen-Kiefer-Gaumenspalte erfordert besondere chirurgische Erfahrung. Die anatomischen Ver\u00e4nderungen sind komplex und bed\u00fcrfen einer individuellen Planung.<\/span><\/p>\n<p><span style=\"font-weight: 400;\">Ziel des Eingriffs ist es, sowohl funktionelle Probleme wie Atembeschwerden als auch \u00e4sthetische Auff\u00e4lligkeiten zu korrigieren. Dabei wird die Symmetrie des Gesichts ber\u00fccksichtigt.<\/span><\/p>\n<p><span style=\"font-weight: 400;\">Oft sind kombinierte Verfahren notwendig, die in mehreren Schritten erfolgen. Dies erm\u00f6glicht eine stabile Rekonstruktion und ein m\u00f6glichst nat\u00fcrliches Ergebnis.<\/span><\/p>\n<p><span style=\"font-weight: 400;\">Die Behandlung erfolgt meist in enger Zusammenarbeit verschiedener Fachrichtungen. So wird eine ganzheitliche Versorgung und ein optimales Ergebnis gew\u00e4hrleistet.<\/span><\/p>\n<table dir=\"ltr\" style=\"height: 405px;\" border=\"1\" width=\"1744\" cellspacing=\"0\" cellpadding=\"0\" data-sheets-root=\"1\" data-sheets-baot=\"1\">\n<colgroup>\n<col width=\"140\" \/>\n<col width=\"569\" \/><\/colgroup>\n<tbody>\n<tr>\n<td>Definition<\/td>\n<td>\n<div>\n<div>\u00c4sthetische und funktionelle Nasen-OP zur Korrektur von Asymmetrien und strukturellen Problemen bei Menschen mit Lippen-Kiefer-Gaumenspalte.<\/div>\n<\/div>\n<\/td>\n<\/tr>\n<tr>\n<td>Ziele<\/td>\n<td>\n<div>\n<div>Verbesserung des \u00e4sthetischen Erscheinungsbilds der Nase und gleichzeitige Korrektur der Atmungsfunktion; Behebung von Asymmetrien zwischen Nasenspitze und Nasenfl\u00fcgeln und Schaffung einer nat\u00fcrlichen, ausgewogenen Nasenstruktur.<\/div>\n<\/div>\n<\/td>\n<\/tr>\n<tr>\n<td>Indikationen<\/td>\n<td>\n<div>\n<div>Nasenasymmetrie, Verbiegung der Nasenscheidewand, Ungleichgewicht der Nasenl\u00f6cher, Atemprobleme, \u00e4sthetische Anliegen.<\/div>\n<\/div>\n<\/td>\n<\/tr>\n<tr>\n<td>Kontraindikationen<\/td>\n<td>Gesundheitsprobleme, die eine Vollnarkose ausschlie\u00dfen, akute Infektionen, Blutgerinnungsst\u00f6rungen.<\/td>\n<\/tr>\n<tr>\n<td>Operationsschritte<\/td>\n<td>1. Detaillierte Analyse von Gesicht und Nase vor der Operation.<br \/>\n2. Korrektur einer Septumdeviation sowie der Asymmetrien an Nasenspitze und Fl\u00fcgeln.<br \/>\n3. Knorpel- oder Transplantateinlagen k\u00f6nnen eingesetzt werden.<br \/>\n4. Die Schnitte werden verschlossen und der Nase eine \u00e4sthetische Form gegeben.<\/td>\n<\/tr>\n<tr>\n<td>Vorteile<\/td>\n<td>\n<div>\n<div>Bietet \u00e4sthetische und funktionelle Verbesserungen; f\u00f6rdert Gleichgewicht und Symmetrie der Nase f\u00fcr ein nat\u00fcrliches Erscheinungsbild; sorgt f\u00fcr eine positive Ver\u00e4nderung des Gesichtsausdrucks.<\/div>\n<\/div>\n<\/td>\n<\/tr>\n<tr>\n<td>Nachteile<\/td>\n<td>\n<div>\n<div>Kann komplexer sein als andere Nasen-OPs; insbesondere bei angeborenen Fehlbildungen wie Lippen-Kiefer-Gaumenspalte ist die Erfahrung des Chirurgen von gro\u00dfer Bedeutung.<\/div>\n<\/div>\n<\/td>\n<\/tr>\n<tr>\n<td>Heilungsverlauf<\/td>\n<td>\n<div>\n<div>In der ersten Woche k\u00f6nnen Schienen und Tamponaden eingesetzt werden; Schwellungen und Bluterg\u00fcsse gehen innerhalb weniger Wochen zur\u00fcck; die vollst\u00e4ndige Heilung kann 6\u201312 Monate dauern.<\/div>\n<\/div>\n<\/td>\n<\/tr>\n<tr>\n<td>M\u00f6gliche Nebenwirkungen und Komplikationen<\/td>\n<td>\n<div>\n<div>Infektionen, Blutungen, Nasenasymmetrie, Atemprobleme, Narbenbildung; m\u00f6glicherweise ist ein weiterer chirurgischer Eingriff erforderlich.<\/div>\n<\/div>\n<\/td>\n<\/tr>\n<tr>\n<td>Revisionserfordernis<\/td>\n<td>\n<div>\n<div>Aufgrund der Komplexit\u00e4t angeborener Fehlbildungen kann in manchen F\u00e4llen eine zweite Korrekturoperation notwendig sein.<\/div>\n<\/div>\n<\/td>\n<\/tr>\n<\/tbody>\n<\/table>\n\n\t<section class=\"section\" id=\"section_1740928265\">\n\t\t<div class=\"section-bg fill\" >\n\t\t\t\t\t\t\t\t\t\n\t\t\t\n\n\t\t<\/div>\n\n\t\t\n\n\t\t<div class=\"section-content relative\">\n\t\t\t\n\n<div class=\"row\"  id=\"row-533069218\">\n\n\n\t<div id=\"col-873352391\" class=\"col small-12 large-12\"  >\n\t\t\t\t<div class=\"col-inner box-shadow-2\"  >\n\t\t\t\n\t\t\t\n\n<div class=\"row\"  id=\"row-184697149\">\n\n\n\t<div id=\"col-1419161065\" class=\"col show-for-small medium-3 small-12 large-3\"  >\n\t\t\t\t<div class=\"col-inner\"  >\n\t\t\t\n\t\t\t\n\n\t<div class=\"img has-hover x md-x lg-x y md-y lg-y\" id=\"image_1502750890\">\n\t\t\t\t\t\t\t\t<div class=\"img-inner dark\" >\n\t\t\t<img decoding=\"async\" width=\"1231\" height=\"1280\" src=\"https:\/\/www.alevcamcioglu.com\/wp-content\/uploads\/2024\/10\/galeri61.webp\" class=\"attachment-2048x2048 size-2048x2048\" alt=\"Br\u00fcnette Frau vor und nach der Nasenkorrektur\" srcset=\"https:\/\/www.alevcamcioglu.com\/wp-content\/uploads\/2024\/10\/galeri61.webp 1231w, https:\/\/www.alevcamcioglu.com\/wp-content\/uploads\/2024\/10\/galeri61-385x400.webp 385w, https:\/\/www.alevcamcioglu.com\/wp-content\/uploads\/2024\/10\/galeri61-769x800.webp 769w, https:\/\/www.alevcamcioglu.com\/wp-content\/uploads\/2024\/10\/galeri61-768x799.webp 768w\" sizes=\"(max-width: 1231px) 100vw, 1231px\" title=\"\">\t\t\t\t\t\t\n\t\t\t\t\t<\/div>\n\t\t\t\t\t\t\t\t\n<style>\n#image_1502750890 {\n  width: 100%;\n}\n<\/style>\n\t<\/div>\n\t\n\n\n\t\t<\/div>\n\t\t\t\t\n<style>\n#col-1419161065 > .col-inner {\n  border-radius: 20px;\n}\n<\/style>\n\t<\/div>\n\n\t\n\n\t<div id=\"col-2027758708\" class=\"col whatsapp-alani hide-for-small medium-3 small-12 large-3\"  >\n\t\t\t\t<div class=\"col-inner box-shadow-2\" style=\"background-color:rgb(37, 211, 102);\" >\n\t\t\t\n\t\t\t\n\n\t<div id=\"text-2959330290\" class=\"text\">\n\t\t\n\n<div><a href=\"https:\/\/api.whatsapp.com\/send\/?phone=905324776496&amp;text=Merhaba%2C+https%3A%2F%2Fwww.alevcamcioglu.com%2F+adresinden+size+ula%C5%9F%C4%B1yorum.&amp;type=phone_number&amp;app_absent=0\"><span style=\"color: #ffffff;\">7\/24 WhatsApp<\/span>\r\n<span style=\"color: #ffffff;\">Jetzt <strong>klicken<\/strong>!<\/span><\/a><\/div>\n\t\t\n<style>\n#text-2959330290 {\n  font-size: 1.5rem;\n  text-align: center;\n}\n<\/style>\n\t<\/div>\n\t\n\n\t\t<\/div>\n\t\t\t\t\n<style>\n#col-2027758708 > .col-inner {\n  padding: 20px 0px 22px 0px;\n  margin: 0px 0px -31px 0px;\n}\n<\/style>\n\t<\/div>\n\n\t\n\n\t<div id=\"col-1697338911\" class=\"col show-for-small medium-3 small-12 large-3\"  >\n\t\t\t\t<div class=\"col-inner box-shadow-2\" style=\"background-color:rgb(37, 211, 102);\" >\n\t\t\t\n\t\t\t\n\n\t<div id=\"text-813739304\" class=\"text\">\n\t\t\n\n<div><a href=\"https:\/\/api.whatsapp.com\/send\/?phone=905324776496&amp;text=Merhaba%2C+https%3A%2F%2Fwww.alevcamcioglu.com%2F+adresinden+size+ula%C5%9F%C4%B1yorum.&amp;type=phone_number&amp;app_absent=0\"><span style=\"color: #ffffff;\">7\/24 WhatsApp Jetzt <strong>klicken<\/strong>! <\/span><\/a><\/div>\n\t\t\n<style>\n#text-813739304 {\n  font-size: 1.5rem;\n  text-align: center;\n}\n<\/style>\n\t<\/div>\n\t\n\n\t\t<\/div>\n\t\t\t\t\n<style>\n#col-1697338911 > .col-inner {\n  padding: 10px 10px 10px 10px;\n  margin: 0px 0px 0px 0px;\n  border-radius: 100px;\n}\n@media (min-width:550px) {\n  #col-1697338911 > .col-inner {\n    padding: 40px 0px 30px 0px;\n    margin: 0px 0px -40px 0px;\n  }\n}\n<\/style>\n\t<\/div>\n\n\t\n\n\t<div id=\"col-570914416\" class=\"col medium-9 small-12 large-9\"  >\n\t\t\t\t<div class=\"col-inner text-left\"  >\n\t\t\t\n\t<div class=\"is-border\"\n\t\tstyle=\"border-width:0px 0px 0px 0px;margin:0px 0px 0px 0px;\">\n\t<\/div>\n\t\t\t\n\n<div class=\"row\"  id=\"row-1530543811\">\n\n\n\t<div id=\"col-560718109\" class=\"col small-12 large-12\"  >\n\t\t\t\t<div class=\"col-inner\"  >\n\t\t\t\n\t\t\t\n\n\n<div class=\"wpcf7 no-js\" id=\"wpcf7-f1469-o1\" lang=\"de-DE\" dir=\"ltr\" data-wpcf7-id=\"1469\">\n<div class=\"screen-reader-response\"><p role=\"status\" aria-live=\"polite\" aria-atomic=\"true\"><\/p> <ul><\/ul><\/div>\n<form action=\"\/de\/wp-json\/wp\/v2\/posts\/9995#wpcf7-f1469-o1\" method=\"post\" class=\"wpcf7-form init\" aria-label=\"Kontaktformular\" novalidate=\"novalidate\" data-status=\"init\">\n<fieldset class=\"hidden-fields-container\"><input type=\"hidden\" name=\"_wpcf7\" value=\"1469\" \/><input type=\"hidden\" name=\"_wpcf7_version\" value=\"6.1.5\" \/><input type=\"hidden\" name=\"_wpcf7_locale\" value=\"de_DE\" \/><input type=\"hidden\" name=\"_wpcf7_unit_tag\" value=\"wpcf7-f1469-o1\" \/><input type=\"hidden\" name=\"_wpcf7_container_post\" value=\"0\" \/><input type=\"hidden\" name=\"_wpcf7_posted_data_hash\" value=\"\" \/>\n<\/fieldset>\n<div class=\"sp-form\">\n\t<div class=\"col-row\">\n\t\t<div class=\"col-quarter\">\n\t\t\t<p><span class=\"wpcf7-form-control-wrap\" data-name=\"text-340\"><input size=\"40\" maxlength=\"400\" class=\"wpcf7-form-control wpcf7-text wpcf7-validates-as-required\" autocomplete=\"name\" aria-required=\"true\" aria-invalid=\"false\" placeholder=\"Name\" value=\"\" type=\"text\" name=\"text-340\" \/><\/span>\n\t\t\t<\/p>\n\t\t<\/div>\n\t\t<div class=\"col-quarter\">\n\t\t\t<p><span class=\"wpcf7-form-control-wrap\" data-name=\"tel-10\"><input size=\"40\" maxlength=\"400\" class=\"wpcf7-form-control wpcf7-tel wpcf7-validates-as-required wpcf7-text wpcf7-validates-as-tel\" autocomplete=\"name\" aria-required=\"true\" aria-invalid=\"false\" placeholder=\"Telefon\" value=\"\" type=\"tel\" name=\"tel-10\" \/><\/span>\n\t\t\t<\/p>\n\t\t<\/div>\n\t\t<div class=\"col-quarter\">\n\t\t\t<p><span class=\"wpcf7-form-control-wrap\" data-name=\"email-563\"><input size=\"40\" maxlength=\"400\" class=\"wpcf7-form-control wpcf7-email wpcf7-validates-as-required wpcf7-text wpcf7-validates-as-email\" autocomplete=\"name\" aria-required=\"true\" aria-invalid=\"false\" placeholder=\"E-Mail\" value=\"\" type=\"email\" name=\"email-563\" \/><\/span>\n\t\t\t<\/p>\n\t\t<\/div>\n\t\t<div class=\"col-quarter\">\n\t\t\t<p><input class=\"wpcf7-form-control wpcf7-submit has-spinner\" type=\"submit\" value=\"EINREICHEN\" \/>\n\t\t\t<\/p>\n\t\t<\/div>\n\t<\/div>\n<\/div><p style=\"display: none !important;\" class=\"akismet-fields-container\" data-prefix=\"_wpcf7_ak_\"><label>&#916;<textarea name=\"_wpcf7_ak_hp_textarea\" cols=\"45\" rows=\"8\" maxlength=\"100\"><\/textarea><\/label><input type=\"hidden\" id=\"ak_js_1\" name=\"_wpcf7_ak_js\" value=\"139\"\/><script type=\"text\/javascript\">\n\/* <![CDATA[ *\/\ndocument.getElementById( \"ak_js_1\" ).setAttribute( \"value\", ( new Date() ).getTime() );\n\/* ]]> *\/\n<\/script>\n<\/p><div class=\"wpcf7-response-output\" aria-hidden=\"true\"><\/div>\n<\/form>\n<\/div>\n\n\n\n\t\t<\/div>\n\t\t\t\t\n<style>\n#col-560718109 > .col-inner {\n  margin: 0px 0px -70px 0px;\n}\n<\/style>\n\t<\/div>\n\n\t\n\n\t<div id=\"col-1348309764\" class=\"col small-12 large-12\"  >\n\t\t\t\t<div class=\"col-inner\"  >\n\t\t\t\n\t\t\t\n\n\t<div id=\"text-1532976818\" class=\"text\">\n\t\t\n\n<p><span style=\"font-size: 50%;\">Wir empfehlen, alle Felder auszuf\u00fcllen, damit wir Sie bez\u00fcglich * bestm\u00f6glich kontaktieren k\u00f6nnen.<\/span><\/p>\n\t\t\n<style>\n#text-1532976818 {\n  font-size: 1.15rem;\n  line-height: 0.75;\n}\n<\/style>\n\t<\/div>\n\t\n\n\t\t<\/div>\n\t\t\t\t\n<style>\n#col-1348309764 > .col-inner {\n  margin: 0px 0px -40px 0px;\n}\n<\/style>\n\t<\/div>\n\n\t\n\n<\/div>\n\n\t\t<\/div>\n\t\t\t\t\n<style>\n#col-570914416 > .col-inner {\n  padding: 0px 0px 0px 0px;\n  margin: 0px 0px -20px 0px;\n}\n@media (min-width:550px) {\n  #col-570914416 > .col-inner {\n    padding: 20px 0px 0px 0px;\n    margin: 0px 0px -66px 0px;\n  }\n}\n<\/style>\n\t<\/div>\n\n\t\n\n<\/div>\n\n\t\t<\/div>\n\t\t\t\t\n<style>\n#col-873352391 > .col-inner {\n  padding: 30px 10px 0px 10px;\n  border-radius: 30px;\n}\n@media (min-width:550px) {\n  #col-873352391 > .col-inner {\n    padding: 0px 20px 0px 0px;\n  }\n}\n<\/style>\n\t<\/div>\n\n\t\n\n<\/div>\n\n\t\t<\/div>\n\n\t\t\n<style>\n#section_1740928265 {\n  padding-top: 30px;\n  padding-bottom: 30px;\n}\n<\/style>\n\t<\/section>\n\t\n<div id=\"ez-toc-container\" class=\"ez-toc-v2_0_82_2 counter-hierarchy ez-toc-counter ez-toc-grey ez-toc-container-direction\">\n<div class=\"ez-toc-title-container\">\n<p class=\"ez-toc-title\" style=\"cursor:inherit\">Inhaltsverzeichnis<\/p>\n<span class=\"ez-toc-title-toggle\"><a href=\"#\" class=\"ez-toc-pull-right ez-toc-btn ez-toc-btn-xs ez-toc-btn-default ez-toc-toggle\" aria-label=\"Toggle Table of Content\"><span class=\"ez-toc-js-icon-con\"><span class=\"\"><span class=\"eztoc-hide\" style=\"display:none;\">Toggle<\/span><span class=\"ez-toc-icon-toggle-span\"><svg style=\"fill: #999;color:#999\" xmlns=\"http:\/\/www.w3.org\/2000\/svg\" class=\"list-377408\" width=\"20px\" height=\"20px\" viewBox=\"0 0 24 24\" fill=\"none\"><path d=\"M6 6H4v2h2V6zm14 0H8v2h12V6zM4 11h2v2H4v-2zm16 0H8v2h12v-2zM4 16h2v2H4v-2zm16 0H8v2h12v-2z\" fill=\"currentColor\"><\/path><\/svg><svg style=\"fill: #999;color:#999\" class=\"arrow-unsorted-368013\" xmlns=\"http:\/\/www.w3.org\/2000\/svg\" width=\"10px\" height=\"10px\" viewBox=\"0 0 24 24\" version=\"1.2\" baseProfile=\"tiny\"><path d=\"M18.2 9.3l-6.2-6.3-6.2 6.3c-.2.2-.3.4-.3.7s.1.5.3.7c.2.2.4.3.7.3h11c.3 0 .5-.1.7-.3.2-.2.3-.5.3-.7s-.1-.5-.3-.7zM5.8 14.7l6.2 6.3 6.2-6.3c.2-.2.3-.5.3-.7s-.1-.5-.3-.7c-.2-.2-.4-.3-.7-.3h-11c-.3 0-.5.1-.7.3-.2.2-.3.5-.3.7s.1.5.3.7z\"\/><\/svg><\/span><\/span><\/span><\/a><\/span><\/div>\n<nav><ul class='ez-toc-list ez-toc-list-level-1 ' ><li class='ez-toc-page-1 ez-toc-heading-level-2'><a class=\"ez-toc-link ez-toc-heading-1\" href=\"https:\/\/www.alevcamcioglu.com\/de\/nasen-op-bei-personen-mit-lippen-kiefer-gaumenspalte\/#Was_ist_eine_Lippen-Kiefer-Gaumenspalte_und_wie_wirkt_sie_sich_auf_die_Nasenstruktur_aus\" >Was ist eine Lippen-Kiefer-Gaumenspalte und wie wirkt sie sich auf die Nasenstruktur aus?<\/a><\/li><li class='ez-toc-page-1 ez-toc-heading-level-2'><a class=\"ez-toc-link ez-toc-heading-2\" href=\"https:\/\/www.alevcamcioglu.com\/de\/nasen-op-bei-personen-mit-lippen-kiefer-gaumenspalte\/#Warum_ist_eine_Nasen-OP_bei_Menschen_mit_Lippen-Kiefer-Gaumenspalte_notwendig\" >Warum ist eine Nasen-OP bei Menschen mit Lippen-Kiefer-Gaumenspalte notwendig?<\/a><\/li><li class='ez-toc-page-1 ez-toc-heading-level-2'><a class=\"ez-toc-link ez-toc-heading-3\" href=\"https:\/\/www.alevcamcioglu.com\/de\/nasen-op-bei-personen-mit-lippen-kiefer-gaumenspalte\/#Wie_unterscheidet_sich_eine_Nasen-OP_bei_Menschen_mit_Lippen-Kiefer-Gaumenspalte_von_einer_regulaeren_Nasen-OP\" >Wie unterscheidet sich eine Nasen-OP bei Menschen mit Lippen-Kiefer-Gaumenspalte von einer regul\u00e4ren Nasen-OP?<\/a><\/li><li class='ez-toc-page-1 ez-toc-heading-level-2'><a class=\"ez-toc-link ez-toc-heading-4\" href=\"https:\/\/www.alevcamcioglu.com\/de\/nasen-op-bei-personen-mit-lippen-kiefer-gaumenspalte\/#Was_ist_vor_einer_Nasen-OP_bei_Menschen_mit_Lippen-Kiefer-Gaumenspalte_zu_beachten_und_wie_sieht_die_Vorbereitung_aus\" >Was ist vor einer Nasen-OP bei Menschen mit Lippen-Kiefer-Gaumenspalte zu beachten und wie sieht die Vorbereitung aus?<\/a><\/li><li class='ez-toc-page-1 ez-toc-heading-level-2'><a class=\"ez-toc-link ez-toc-heading-5\" href=\"https:\/\/www.alevcamcioglu.com\/de\/nasen-op-bei-personen-mit-lippen-kiefer-gaumenspalte\/#Was_erwartet_Patienten_nach_der_Nasen-OP_waehrend_des_Heilungsprozesses\" >Was erwartet Patienten nach der Nasen-OP w\u00e4hrend des Heilungsprozesses?<\/a><\/li><\/ul><\/nav><\/div>\n<h2><span class=\"ez-toc-section\" id=\"Was_ist_eine_Lippen-Kiefer-Gaumenspalte_und_wie_wirkt_sie_sich_auf_die_Nasenstruktur_aus\"><\/span>Was ist eine Lippen-Kiefer-Gaumenspalte und wie wirkt sie sich auf die Nasenstruktur aus?<span class=\"ez-toc-section-end\"><\/span><\/h2>\n<p>Die Lippen-Kiefer-Gaumenspalte ist eine angeborene Fehlbildung, die dadurch entsteht, dass sich die Gewebe der Oberlippe w\u00e4hrend der fetalen Entwicklung nicht schlie\u00dfen. Dies f\u00fchrt zu einer Spalte, die sich von der Lippe bis zur Nase erstrecken kann. Die Lippen-Kiefer-Gaumenspalte entsteht in den fr\u00fchen Schwangerschaftswochen, insbesondere zwischen der vierten und achten Woche. Je nach Auspr\u00e4gung k\u00f6nnen verschiedene Typen und Schweregrade auftreten:<\/p>\n<ul>\n<li>Einseitige Spalte: Betrifft nur eine Seite der Lippe.<\/li>\n<li>Zweiseitige Spalte: Beidseitig auftretende Spalte.<\/li>\n<li>Komplette oder inkomplette Spalte: Je nachdem, ob die Spalte die gesamte Lippe und bis zur Nasen\u00f6ffnung reicht oder nicht.<\/li>\n<\/ul>\n<p>Die Auswirkungen auf die Nasenstruktur sind meist deutlich. Die Nasenscheidewand ist h\u00e4ufig gekr\u00fcmmt und weicht zur nicht betroffenen Seite ab. Dies beeinflusst die Position der Nasenl\u00f6cher und der Nasenspitze. Zudem kann die Nasenspitze verlagert und unterentwickelt sein. Diese anatomischen Ver\u00e4nderungen f\u00fchren zu einer Verengung der Atemwege und beeintr\u00e4chtigen die Nasenatmung. Asymmetrien und Deformit\u00e4ten verursachen sowohl \u00e4sthetische als auch funktionelle Probleme.<\/p>\n<h2><span class=\"ez-toc-section\" id=\"Warum_ist_eine_Nasen-OP_bei_Menschen_mit_Lippen-Kiefer-Gaumenspalte_notwendig\"><\/span>Warum ist eine Nasen-OP bei Menschen mit Lippen-Kiefer-Gaumenspalte notwendig?<span class=\"ez-toc-section-end\"><\/span><\/h2>\n<p>Bei Betroffenen mit Lippen-Kiefer-Gaumenspalte bietet die Nasen-OP mehrere wichtige Verbesserungen. Funktionell erleichtert der Eingriff das Atmen, da durch die Korrektur der inneren Strukturen die Atemwege erweitert werden. Strukturelle Anomalien wie Septumdeviationen und Entwicklungsdefizite des Knorpels beeintr\u00e4chtigen die Atmung direkt. Diese Probleme werden durch die OP behoben und chronische Nasenverstopfung wird reduziert.<\/p>\n<p>Funktionelle Verbesserungen:<\/p>\n<ul>\n<li aria-level=\"1\">Korrektur einer Septumdeviation<\/li>\n<li aria-level=\"1\">Verwendung von Transplantaten zur Stabilisierung der Nasenstruktur<\/li>\n<\/ul>\n<p>Auch \u00e4sthetisch k\u00f6nnen asymmetrische Nasenformen infolge einer Lippen-Kiefer-Gaumenspalte soziale Interaktionen und das Selbstbewusstsein beeintr\u00e4chtigen. Durch die Nasen-OP wird <a href=\"https:\/\/www.rhinoplastyarchive.com\/articles\/rhinoplasty-special-topics\/cleft-lip-rhinoplasty\" target=\"_blank\" rel=\"noopener\">die Nasenspitze neu geformt und die Nasenl\u00f6cher werden symmetrischer<\/a>. Dadurch verbessert sich die Gesichts\u00e4sthetik und die Symmetrie insgesamt.<\/p>\n<p>\u00c4sthetische Verbesserungen:<\/p>\n<ul>\n<li aria-level=\"1\">Neupositionierung des Nasenknorpels<\/li>\n<li aria-level=\"1\">Umformung der Nasenspitze<\/li>\n<\/ul>\n<p>Auch psychologische Vorteile sind relevant. Menschen mit Lippen-Kiefer-Gaumenspalte erleben aufgrund sichtbarer Unterschiede im Gesicht h\u00e4ufig soziale Ausgrenzung. Die Nasen-OP kann die auff\u00e4lligen Unterschiede mildern, soziale \u00c4ngste reduzieren und das Selbstbewusstsein st\u00e4rken.<\/p>\n<h2><span class=\"ez-toc-section\" id=\"Wie_unterscheidet_sich_eine_Nasen-OP_bei_Menschen_mit_Lippen-Kiefer-Gaumenspalte_von_einer_regulaeren_Nasen-OP\"><\/span>Wie unterscheidet sich eine Nasen-OP bei Menschen mit Lippen-Kiefer-Gaumenspalte von einer regul\u00e4ren Nasen-OP?<span class=\"ez-toc-section-end\"><\/span><\/h2>\n<p>Die Nasen-OP bei Menschen mit Lippen-Kiefer-Gaumenspalte unterscheidet sich in einigen entscheidenden Punkten von einer regul\u00e4ren Nasen-OP. Im Mittelpunkt steht die Korrektur dreidimensionaler anatomischer Deformit\u00e4ten. Da die Nasenstruktur meist asymmetrisch ist, sind spezielle Techniken und Herangehensweisen erforderlich. Wichtige Unterschiede sind:<\/p>\n<p>Offene Nasen-OP: Diese Methode erm\u00f6glicht ein besonders detailliertes Vorgehen. Sie erlaubt die pr\u00e4zise Korrektur der Asymmetrien.<\/p>\n<p>Unterschiede bei chirurgischen Techniken und Vorgehen:<\/p>\n<ul>\n<li aria-level=\"1\">Die Alar-Knorpel werden neu positioniert.<\/li>\n<li aria-level=\"1\">Deformit\u00e4ten der Nasenl\u00f6cher werden korrigiert.<\/li>\n<li aria-level=\"1\">Anormale Verklebungen des Septums werden gel\u00f6st.<\/li>\n<\/ul>\n<p>Verwendung von Transplantaten:<\/p>\n<ul>\n<li aria-level=\"1\">Autologe Knorpeltransplantate werden zur strukturellen Unterst\u00fctzung eingesetzt.<\/li>\n<li aria-level=\"1\">Transplantate sind notwendig zur Rekonstruktion der Nasenspitze und Verl\u00e4ngerung der Columella.<\/li>\n<li aria-level=\"1\">Sie verst\u00e4rken das Nasenskelett f\u00fcr dauerhafte Stabilit\u00e4t.<\/li>\n<\/ul>\n<p>Stufenweises Vorgehen: Besonders bei beidseitigen Lippen-Kiefer-Gaumenspalten kann eine mehrstufige chirurgische Behandlung n\u00f6tig sein. Nach einer ersten Korrektur sind oft weitere Nasen-OPs geplant.<\/p>\n<p>Verwendung von Knorpeltransplantaten und weitere Besonderheiten:<\/p>\n<ul>\n<li aria-level=\"1\">Septale Verl\u00e4ngerungstransplantate werden zur Erhaltung der Nasenspitzenprojektion eingesetzt.<\/li>\n<li aria-level=\"1\">Columella-St\u00fctztransplantate sorgen f\u00fcr die erforderliche L\u00e4nge und Stabilit\u00e4t der Columella.<\/li>\n<\/ul>\n<h2><span class=\"ez-toc-section\" id=\"Was_ist_vor_einer_Nasen-OP_bei_Menschen_mit_Lippen-Kiefer-Gaumenspalte_zu_beachten_und_wie_sieht_die_Vorbereitung_aus\"><\/span>Was ist vor einer Nasen-OP bei Menschen mit Lippen-Kiefer-Gaumenspalte zu beachten und wie sieht die Vorbereitung aus?<span class=\"ez-toc-section-end\"><\/span><\/h2>\n<p>Die Vorbereitung auf eine Nasen-OP bei Betroffenen mit Lippen-Kiefer-Gaumenspalte erfordert eine umfassende Analyse und sorgf\u00e4ltige Planung, um das bestm\u00f6gliche Ergebnis zu erzielen. Zun\u00e4chst wird die Nasenstruktur gr\u00fcndlich untersucht, um sowohl die funktionellen als auch die \u00e4sthetischen Verbesserungen zu maximieren. Der Schweregrad der Deformit\u00e4ten wird anhand einer detaillierten Analyse der unteren und oberen lateralen Knorpel, des Septums und der Nasenbasis bestimmt.<\/p>\n<ul>\n<li>Nasenanalyse: Detaillierte Untersuchung der unteren und oberen lateralen Knorpel, des Septums und der Nasenbasis.<\/li>\n<li>Fotodokumentation: Pr\u00e4operative Fotos sind sowohl f\u00fcr die Planung als auch f\u00fcr die Bewertung der Ergebnisse nach der Operation von gro\u00dfer Bedeutung.<\/li>\n<li>Bildgebung und Modellierung: Pr\u00e4zise Planung mittels 3D-Scanning-Techniken und nasoalveol\u00e4ren Modellierungsger\u00e4ten zur Verbesserung der Nasensymmetrie.<\/li>\n<li>Orthodontische Beurteilung: Behebung von Zahnfehlstellungen und Korrektur von Defekten am Oberkiefer.<\/li>\n<\/ul>\n<h2><span class=\"ez-toc-section\" id=\"Was_erwartet_Patienten_nach_der_Nasen-OP_waehrend_des_Heilungsprozesses\"><\/span>Was erwartet Patienten nach der Nasen-OP w\u00e4hrend des Heilungsprozesses?<span class=\"ez-toc-section-end\"><\/span><\/h2>\n<p>Der Heilungsprozess nach einer Nasen-OP bei Menschen mit Lippen-Kiefer-Gaumenspalte erfordert ein bewusstes und gut vorbereitetes Vorgehen der Patienten. Die erste Woche ist meist von einer intensiven Heilungsphase gepr\u00e4gt, in der Patienten Schmerzmedikamente erhalten. Mit abklingenden Schmerzen nehmen Schwellungen und Bluterg\u00fcsse ab. Das Hochlagern des Kopfes erleichtert diese Phase.<\/p>\n<p>Erste Woche:<\/p>\n<ul>\n<li aria-level=\"1\">Starke Schwellungen und Bluterg\u00fcsse m\u00f6glich.<\/li>\n<li aria-level=\"1\">Schmerzen werden mit geeigneten Medikamenten gelindert.<\/li>\n<li aria-level=\"1\">Das Hochlagern des Kopfes minimiert Beschwerden.<\/li>\n<\/ul>\n<p>Ab der zweiten Woche k\u00f6nnen die Patienten schrittweise in den Alltag zur\u00fcckkehren. In dieser Zeit verringern sich Schwellungen und Bluterg\u00fcsse merklich. Bis auf leichte k\u00f6rperliche Aktivit\u00e4ten sollte k\u00f6rperliche Belastung weiterhin eingeschr\u00e4nkt werden. Die R\u00fcckkehr ins soziale Leben sollte schrittweise erfolgen.<\/p>\n<p>Zweite Woche:<\/p>\n<ul>\n<li aria-level=\"1\">Die meisten Schwellungen und Bluterg\u00fcsse gehen zur\u00fcck.<\/li>\n<li aria-level=\"1\">Leichte k\u00f6rperliche Aktivit\u00e4ten sind erlaubt.<\/li>\n<li aria-level=\"1\">Der Wiedereinstieg in das soziale und berufliche Leben beginnt.<\/li>\n<\/ul>\n<p>In den folgenden Monaten nimmt die Schwellung an der Nasenspitze weiter ab und die endg\u00fcltige Nasenform wird sichtbar. Regelm\u00e4\u00dfige \u00e4rztliche Kontrollen sind entscheidend, um m\u00f6gliche Komplikationen fr\u00fchzeitig zu erkennen.<\/p>\n<p>Sp\u00e4tere Monate:<\/p>\n<ul>\n<li aria-level=\"1\">Die Schwellungen nehmen weiter ab.<\/li>\n<li aria-level=\"1\">Regelm\u00e4\u00dfige Arztbesuche sind wichtig.<\/li>\n<\/ul>\n","protected":false},"excerpt":{"rendered":"<p>Eine Nasen-OP bei Patienten mit Lippen-Kiefer-Gaumenspalte erfordert besondere chirurgische Erfahrung. Die anatomischen Ver\u00e4nderungen sind komplex und bed\u00fcrfen einer individuellen Planung. Ziel des Eingriffs ist es, sowohl funktionelle Probleme wie Atembeschwerden als auch \u00e4sthetische Auff\u00e4lligkeiten zu korrigieren. Dabei wird die Symmetrie des Gesichts ber\u00fccksichtigt. Oft sind kombinierte Verfahren notwendig, die in mehreren Schritten erfolgen. Dies erm\u00f6glicht [&#8230;]\n","protected":false},"author":990002,"featured_media":0,"comment_status":"closed","ping_status":"open","sticky":false,"template":"","format":"standard","meta":{"footnotes":""},"categories":[78],"tags":[],"class_list":["post-9995","post","type-post","status-publish","format-standard","hentry","category-nasen-op"],"_links":{"self":[{"href":"https:\/\/www.alevcamcioglu.com\/de\/wp-json\/wp\/v2\/posts\/9995","targetHints":{"allow":["GET"]}}],"collection":[{"href":"https:\/\/www.alevcamcioglu.com\/de\/wp-json\/wp\/v2\/posts"}],"about":[{"href":"https:\/\/www.alevcamcioglu.com\/de\/wp-json\/wp\/v2\/types\/post"}],"author":[{"embeddable":true,"href":"https:\/\/www.alevcamcioglu.com\/de\/wp-json\/wp\/v2\/users\/990002"}],"replies":[{"embeddable":true,"href":"https:\/\/www.alevcamcioglu.com\/de\/wp-json\/wp\/v2\/comments?post=9995"}],"version-history":[{"count":2,"href":"https:\/\/www.alevcamcioglu.com\/de\/wp-json\/wp\/v2\/posts\/9995\/revisions"}],"predecessor-version":[{"id":10595,"href":"https:\/\/www.alevcamcioglu.com\/de\/wp-json\/wp\/v2\/posts\/9995\/revisions\/10595"}],"wp:attachment":[{"href":"https:\/\/www.alevcamcioglu.com\/de\/wp-json\/wp\/v2\/media?parent=9995"}],"wp:term":[{"taxonomy":"category","embeddable":true,"href":"https:\/\/www.alevcamcioglu.com\/de\/wp-json\/wp\/v2\/categories?post=9995"},{"taxonomy":"post_tag","embeddable":true,"href":"https:\/\/www.alevcamcioglu.com\/de\/wp-json\/wp\/v2\/tags?post=9995"}],"curies":[{"name":"wp","href":"https:\/\/api.w.org\/{rel}","templated":true}]}}