{"id":9952,"date":"2024-07-29T08:04:34","date_gmt":"2024-07-29T05:04:34","guid":{"rendered":"https:\/\/www.alevcamcioglu.com\/?p=9952"},"modified":"2025-08-27T17:02:44","modified_gmt":"2025-08-27T17:02:44","slug":"ist-eine-nasen-op-auch-im-sommer-moeglich","status":"publish","type":"post","link":"https:\/\/www.alevcamcioglu.com\/de\/ist-eine-nasen-op-auch-im-sommer-moeglich\/","title":{"rendered":"Ist eine Nasen-OP auch im Sommer m\u00f6glich?"},"content":{"rendered":"<p><span style=\"font-weight: 400;\">Eine Nasenoperation ist grunds\u00e4tzlich auch im Sommer m\u00f6glich. Die Jahreszeit hat keinen direkten Einfluss auf den Heilungsverlauf, solange die \u00e4rztlichen Empfehlungen beachtet werden.<\/span><\/p>\n<p><span style=\"font-weight: 400;\">Besondere Vorsicht ist jedoch bei Sonnenexposition geboten. Direkte Sonneneinstrahlung kann Schwellungen verst\u00e4rken und die Bildung von Pigmentflecken im Operationsbereich beg\u00fcnstigen.<\/span><\/p>\n<p><span style=\"font-weight: 400;\">Patienten sollten die Nase in den ersten Monaten konsequent vor Sonne sch\u00fctzen. Das Tragen einer Kopfbedeckung und die Verwendung von Sonnenschutzmitteln sind hierbei empfehlenswert.<\/span><\/p>\n<p><span style=\"font-weight: 400;\">Auch hohe Temperaturen k\u00f6nnen die Kreislaufbelastung nach einer Operation verst\u00e4rken. Ruhe, ausreichende Fl\u00fcssigkeitszufuhr und eine kontrollierte Erholungsphase sichern einen komplikationsfreien Heilungsverlauf.<\/span><\/p>\n<p>\\\n\t<section class=\"section\" id=\"section_175578653\">\n\t\t<div class=\"section-bg fill\" >\n\t\t\t\t\t\t\t\t\t\n\t\t\t\n\n\t\t<\/div>\n\n\t\t\n\n\t\t<div class=\"section-content relative\">\n\t\t\t\n\n<div class=\"row\"  id=\"row-2030711689\">\n\n\n\t<div id=\"col-1884585990\" class=\"col small-12 large-12\"  >\n\t\t\t\t<div class=\"col-inner box-shadow-2\"  >\n\t\t\t\n\t\t\t\n\n<div class=\"row\"  id=\"row-1144765003\">\n\n\n\t<div id=\"col-843860428\" class=\"col show-for-small medium-3 small-12 large-3\"  >\n\t\t\t\t<div class=\"col-inner\"  >\n\t\t\t\n\t\t\t\n\n\t<div class=\"img has-hover x md-x lg-x y md-y lg-y\" id=\"image_616711633\">\n\t\t\t\t\t\t\t\t<div class=\"img-inner dark\" >\n\t\t\t<img decoding=\"async\" width=\"1231\" height=\"1280\" src=\"https:\/\/www.alevcamcioglu.com\/wp-content\/uploads\/2024\/10\/galeri61.webp\" class=\"attachment-2048x2048 size-2048x2048\" alt=\"Br\u00fcnette Frau vor und nach der Nasenkorrektur\" srcset=\"https:\/\/www.alevcamcioglu.com\/wp-content\/uploads\/2024\/10\/galeri61.webp 1231w, https:\/\/www.alevcamcioglu.com\/wp-content\/uploads\/2024\/10\/galeri61-385x400.webp 385w, https:\/\/www.alevcamcioglu.com\/wp-content\/uploads\/2024\/10\/galeri61-769x800.webp 769w, https:\/\/www.alevcamcioglu.com\/wp-content\/uploads\/2024\/10\/galeri61-768x799.webp 768w\" sizes=\"(max-width: 1231px) 100vw, 1231px\" title=\"\">\t\t\t\t\t\t\n\t\t\t\t\t<\/div>\n\t\t\t\t\t\t\t\t\n<style>\n#image_616711633 {\n  width: 100%;\n}\n<\/style>\n\t<\/div>\n\t\n\n\n\t\t<\/div>\n\t\t\t\t\n<style>\n#col-843860428 > .col-inner {\n  border-radius: 20px;\n}\n<\/style>\n\t<\/div>\n\n\t\n\n\t<div id=\"col-1562271014\" class=\"col whatsapp-alani hide-for-small medium-3 small-12 large-3\"  >\n\t\t\t\t<div class=\"col-inner box-shadow-2\" style=\"background-color:rgb(37, 211, 102);\" >\n\t\t\t\n\t\t\t\n\n\t<div id=\"text-3428262000\" class=\"text\">\n\t\t\n\n<div><a href=\"https:\/\/api.whatsapp.com\/send\/?phone=905324776496&amp;text=Merhaba%2C+https%3A%2F%2Fwww.alevcamcioglu.com%2F+adresinden+size+ula%C5%9F%C4%B1yorum.&amp;type=phone_number&amp;app_absent=0\"><span style=\"color: #ffffff;\">7\/24 WhatsApp<\/span>\r\n<span style=\"color: #ffffff;\">Jetzt <strong>klicken<\/strong>!<\/span><\/a><\/div>\n\t\t\n<style>\n#text-3428262000 {\n  font-size: 1.5rem;\n  text-align: center;\n}\n<\/style>\n\t<\/div>\n\t\n\n\t\t<\/div>\n\t\t\t\t\n<style>\n#col-1562271014 > .col-inner {\n  padding: 20px 0px 22px 0px;\n  margin: 0px 0px -31px 0px;\n}\n<\/style>\n\t<\/div>\n\n\t\n\n\t<div id=\"col-1348375607\" class=\"col show-for-small medium-3 small-12 large-3\"  >\n\t\t\t\t<div class=\"col-inner box-shadow-2\" style=\"background-color:rgb(37, 211, 102);\" >\n\t\t\t\n\t\t\t\n\n\t<div id=\"text-4183699767\" class=\"text\">\n\t\t\n\n<div><a href=\"https:\/\/api.whatsapp.com\/send\/?phone=905324776496&amp;text=Merhaba%2C+https%3A%2F%2Fwww.alevcamcioglu.com%2F+adresinden+size+ula%C5%9F%C4%B1yorum.&amp;type=phone_number&amp;app_absent=0\"><span style=\"color: #ffffff;\">7\/24 WhatsApp Jetzt <strong>klicken<\/strong>! <\/span><\/a><\/div>\n\t\t\n<style>\n#text-4183699767 {\n  font-size: 1.5rem;\n  text-align: center;\n}\n<\/style>\n\t<\/div>\n\t\n\n\t\t<\/div>\n\t\t\t\t\n<style>\n#col-1348375607 > .col-inner {\n  padding: 10px 10px 10px 10px;\n  margin: 0px 0px 0px 0px;\n  border-radius: 100px;\n}\n@media (min-width:550px) {\n  #col-1348375607 > .col-inner {\n    padding: 40px 0px 30px 0px;\n    margin: 0px 0px -40px 0px;\n  }\n}\n<\/style>\n\t<\/div>\n\n\t\n\n\t<div id=\"col-983117941\" class=\"col medium-9 small-12 large-9\"  >\n\t\t\t\t<div class=\"col-inner text-left\"  >\n\t\t\t\n\t<div class=\"is-border\"\n\t\tstyle=\"border-width:0px 0px 0px 0px;margin:0px 0px 0px 0px;\">\n\t<\/div>\n\t\t\t\n\n<div class=\"row\"  id=\"row-339310787\">\n\n\n\t<div id=\"col-614947059\" class=\"col small-12 large-12\"  >\n\t\t\t\t<div class=\"col-inner\"  >\n\t\t\t\n\t\t\t\n\n\n<div class=\"wpcf7 no-js\" id=\"wpcf7-f1469-o1\" lang=\"de-DE\" dir=\"ltr\" data-wpcf7-id=\"1469\">\n<div class=\"screen-reader-response\"><p role=\"status\" aria-live=\"polite\" aria-atomic=\"true\"><\/p> <ul><\/ul><\/div>\n<form action=\"\/de\/wp-json\/wp\/v2\/posts\/9952#wpcf7-f1469-o1\" method=\"post\" class=\"wpcf7-form init\" aria-label=\"Kontaktformular\" novalidate=\"novalidate\" data-status=\"init\">\n<fieldset class=\"hidden-fields-container\"><input type=\"hidden\" name=\"_wpcf7\" value=\"1469\" \/><input type=\"hidden\" name=\"_wpcf7_version\" value=\"6.1.5\" \/><input type=\"hidden\" name=\"_wpcf7_locale\" value=\"de_DE\" \/><input type=\"hidden\" name=\"_wpcf7_unit_tag\" value=\"wpcf7-f1469-o1\" \/><input type=\"hidden\" name=\"_wpcf7_container_post\" value=\"0\" \/><input type=\"hidden\" name=\"_wpcf7_posted_data_hash\" value=\"\" \/>\n<\/fieldset>\n<div class=\"sp-form\">\n\t<div class=\"col-row\">\n\t\t<div class=\"col-quarter\">\n\t\t\t<p><span class=\"wpcf7-form-control-wrap\" data-name=\"text-340\"><input size=\"40\" maxlength=\"400\" class=\"wpcf7-form-control wpcf7-text wpcf7-validates-as-required\" autocomplete=\"name\" aria-required=\"true\" aria-invalid=\"false\" placeholder=\"Name\" value=\"\" type=\"text\" name=\"text-340\" \/><\/span>\n\t\t\t<\/p>\n\t\t<\/div>\n\t\t<div class=\"col-quarter\">\n\t\t\t<p><span class=\"wpcf7-form-control-wrap\" data-name=\"tel-10\"><input size=\"40\" maxlength=\"400\" class=\"wpcf7-form-control wpcf7-tel wpcf7-validates-as-required wpcf7-text wpcf7-validates-as-tel\" autocomplete=\"name\" aria-required=\"true\" aria-invalid=\"false\" placeholder=\"Telefon\" value=\"\" type=\"tel\" name=\"tel-10\" \/><\/span>\n\t\t\t<\/p>\n\t\t<\/div>\n\t\t<div class=\"col-quarter\">\n\t\t\t<p><span class=\"wpcf7-form-control-wrap\" data-name=\"email-563\"><input size=\"40\" maxlength=\"400\" class=\"wpcf7-form-control wpcf7-email wpcf7-validates-as-required wpcf7-text wpcf7-validates-as-email\" autocomplete=\"name\" aria-required=\"true\" aria-invalid=\"false\" placeholder=\"E-Mail\" value=\"\" type=\"email\" name=\"email-563\" \/><\/span>\n\t\t\t<\/p>\n\t\t<\/div>\n\t\t<div class=\"col-quarter\">\n\t\t\t<p><input class=\"wpcf7-form-control wpcf7-submit has-spinner\" type=\"submit\" value=\"EINREICHEN\" \/>\n\t\t\t<\/p>\n\t\t<\/div>\n\t<\/div>\n<\/div><p style=\"display: none !important;\" class=\"akismet-fields-container\" data-prefix=\"_wpcf7_ak_\"><label>&#916;<textarea name=\"_wpcf7_ak_hp_textarea\" cols=\"45\" rows=\"8\" maxlength=\"100\"><\/textarea><\/label><input type=\"hidden\" id=\"ak_js_1\" name=\"_wpcf7_ak_js\" value=\"155\"\/><script type=\"text\/javascript\">\n\/* <![CDATA[ *\/\ndocument.getElementById( \"ak_js_1\" ).setAttribute( \"value\", ( new Date() ).getTime() );\n\/* ]]> *\/\n<\/script>\n<\/p><div class=\"wpcf7-response-output\" aria-hidden=\"true\"><\/div>\n<\/form>\n<\/div>\n\n\n\n\t\t<\/div>\n\t\t\t\t\n<style>\n#col-614947059 > .col-inner {\n  margin: 0px 0px -70px 0px;\n}\n<\/style>\n\t<\/div>\n\n\t\n\n\t<div id=\"col-2115851945\" class=\"col small-12 large-12\"  >\n\t\t\t\t<div class=\"col-inner\"  >\n\t\t\t\n\t\t\t\n\n\t<div id=\"text-1975747228\" class=\"text\">\n\t\t\n\n<p><span style=\"font-size: 50%;\">Wir empfehlen, alle Felder auszuf\u00fcllen, damit wir Sie bez\u00fcglich * bestm\u00f6glich kontaktieren k\u00f6nnen.<\/span><\/p>\n\t\t\n<style>\n#text-1975747228 {\n  font-size: 1.15rem;\n  line-height: 0.75;\n}\n<\/style>\n\t<\/div>\n\t\n\n\t\t<\/div>\n\t\t\t\t\n<style>\n#col-2115851945 > .col-inner {\n  margin: 0px 0px -40px 0px;\n}\n<\/style>\n\t<\/div>\n\n\t\n\n<\/div>\n\n\t\t<\/div>\n\t\t\t\t\n<style>\n#col-983117941 > .col-inner {\n  padding: 0px 0px 0px 0px;\n  margin: 0px 0px -20px 0px;\n}\n@media (min-width:550px) {\n  #col-983117941 > .col-inner {\n    padding: 20px 0px 0px 0px;\n    margin: 0px 0px -66px 0px;\n  }\n}\n<\/style>\n\t<\/div>\n\n\t\n\n<\/div>\n\n\t\t<\/div>\n\t\t\t\t\n<style>\n#col-1884585990 > .col-inner {\n  padding: 30px 10px 0px 10px;\n  border-radius: 30px;\n}\n@media (min-width:550px) {\n  #col-1884585990 > .col-inner {\n    padding: 0px 20px 0px 0px;\n  }\n}\n<\/style>\n\t<\/div>\n\n\t\n\n<\/div>\n\n\t\t<\/div>\n\n\t\t\n<style>\n#section_175578653 {\n  padding-top: 30px;\n  padding-bottom: 30px;\n}\n<\/style>\n\t<\/section>\n\t\n<div id=\"ez-toc-container\" class=\"ez-toc-v2_0_82_2 counter-hierarchy ez-toc-counter ez-toc-grey ez-toc-container-direction\">\n<div class=\"ez-toc-title-container\">\n<p class=\"ez-toc-title\" style=\"cursor:inherit\">Inhaltsverzeichnis<\/p>\n<span class=\"ez-toc-title-toggle\"><a href=\"#\" class=\"ez-toc-pull-right ez-toc-btn ez-toc-btn-xs ez-toc-btn-default ez-toc-toggle\" aria-label=\"Toggle Table of Content\"><span class=\"ez-toc-js-icon-con\"><span class=\"\"><span class=\"eztoc-hide\" style=\"display:none;\">Toggle<\/span><span class=\"ez-toc-icon-toggle-span\"><svg style=\"fill: #999;color:#999\" xmlns=\"http:\/\/www.w3.org\/2000\/svg\" class=\"list-377408\" width=\"20px\" height=\"20px\" viewBox=\"0 0 24 24\" fill=\"none\"><path d=\"M6 6H4v2h2V6zm14 0H8v2h12V6zM4 11h2v2H4v-2zm16 0H8v2h12v-2zM4 16h2v2H4v-2zm16 0H8v2h12v-2z\" fill=\"currentColor\"><\/path><\/svg><svg style=\"fill: #999;color:#999\" class=\"arrow-unsorted-368013\" xmlns=\"http:\/\/www.w3.org\/2000\/svg\" width=\"10px\" height=\"10px\" viewBox=\"0 0 24 24\" version=\"1.2\" baseProfile=\"tiny\"><path d=\"M18.2 9.3l-6.2-6.3-6.2 6.3c-.2.2-.3.4-.3.7s.1.5.3.7c.2.2.4.3.7.3h11c.3 0 .5-.1.7-.3.2-.2.3-.5.3-.7s-.1-.5-.3-.7zM5.8 14.7l6.2 6.3 6.2-6.3c.2-.2.3-.5.3-.7s-.1-.5-.3-.7c-.2-.2-.4-.3-.7-.3h-11c-.3 0-.5.1-.7.3-.2.2-.3.5-.3.7s.1.5.3.7z\"\/><\/svg><\/span><\/span><\/span><\/a><\/span><\/div>\n<nav><ul class='ez-toc-list ez-toc-list-level-1 ' ><li class='ez-toc-page-1 ez-toc-heading-level-2'><a class=\"ez-toc-link ez-toc-heading-1\" href=\"https:\/\/www.alevcamcioglu.com\/de\/ist-eine-nasen-op-auch-im-sommer-moeglich\/#Wie_verlaeuft_der_Heilungsprozess_nach_einer_Nasen-OP_im_Sommer\" >Wie verl\u00e4uft der Heilungsprozess nach einer Nasen-OP im Sommer?<\/a><\/li><li class='ez-toc-page-1 ez-toc-heading-level-2'><a class=\"ez-toc-link ez-toc-heading-2\" href=\"https:\/\/www.alevcamcioglu.com\/de\/ist-eine-nasen-op-auch-im-sommer-moeglich\/#Welche_Vor-_und_Nachteile_hat_eine_Nasen-OP_in_den_Sommermonaten\" >Welche Vor- und Nachteile hat eine Nasen-OP in den Sommermonaten?<\/a><\/li><li class='ez-toc-page-1 ez-toc-heading-level-2'><a class=\"ez-toc-link ez-toc-heading-3\" href=\"https:\/\/www.alevcamcioglu.com\/de\/ist-eine-nasen-op-auch-im-sommer-moeglich\/#Kann_man_nach_einer_Nasen-OP_im_Sommer_schwimmen_gehen\" >Kann man nach einer Nasen-OP im Sommer schwimmen gehen?<\/a><\/li><li class='ez-toc-page-1 ez-toc-heading-level-2'><a class=\"ez-toc-link ez-toc-heading-4\" href=\"https:\/\/www.alevcamcioglu.com\/de\/ist-eine-nasen-op-auch-im-sommer-moeglich\/#Wie_lassen_sich_Schwellungen_und_Bluterguesse_nach_einer_Nasen-OP_im_Sommer_verringern\" >Wie lassen sich Schwellungen und Bluterg\u00fcsse nach einer Nasen-OP im Sommer verringern?<\/a><\/li><li class='ez-toc-page-1 ez-toc-heading-level-2'><a class=\"ez-toc-link ez-toc-heading-5\" href=\"https:\/\/www.alevcamcioglu.com\/de\/ist-eine-nasen-op-auch-im-sommer-moeglich\/#Wie_sollten_sich_Personen_nach_einer_Nasen-OP_im_Sommer_vor_der_Sonne_schuetzen\" >Wie sollten sich Personen nach einer Nasen-OP im Sommer vor der Sonne sch\u00fctzen?<\/a><\/li><li class='ez-toc-page-1 ez-toc-heading-level-2'><a class=\"ez-toc-link ez-toc-heading-6\" href=\"https:\/\/www.alevcamcioglu.com\/de\/ist-eine-nasen-op-auch-im-sommer-moeglich\/#Koennen_Menschen_nach_einer_Nasen-OP_im_Sommer_Sport_treiben\" >K\u00f6nnen Menschen nach einer Nasen-OP im Sommer Sport treiben?<\/a><\/li><li class='ez-toc-page-1 ez-toc-heading-level-2'><a class=\"ez-toc-link ez-toc-heading-7\" href=\"https:\/\/www.alevcamcioglu.com\/de\/ist-eine-nasen-op-auch-im-sommer-moeglich\/#Haeufig_gestellte_Fragen\" >H\u00e4ufig gestellte Fragen<\/a><\/li><\/ul><\/nav><\/div>\n<h2><span class=\"ez-toc-section\" id=\"Wie_verlaeuft_der_Heilungsprozess_nach_einer_Nasen-OP_im_Sommer\"><\/span>Wie verl\u00e4uft der Heilungsprozess nach einer Nasen-OP im Sommer?<span class=\"ez-toc-section-end\"><\/span><\/h2>\n<p>Die Heilungsphase nach einer <a href=\"https:\/\/www.alevcamcioglu.com\/burun-estetiginde-atel-ve-tampon-kullanimi\/\">Nasen-OP<\/a> im Sommer muss sorgf\u00e4ltig gesteuert werden. In der ersten Woche stehen Schwellungen und Bluterg\u00fcsse im Vordergrund. Zum Schutz wird in der Regel eine Schiene getragen. Schmerztherapie erfolgt nach \u00e4rztlicher Verordnung. Eine erh\u00f6hte Kopfposition unterst\u00fctzt die Abschwellung.<\/p>\n<p><strong>Woche 2\u20134:<\/strong><\/p>\n<ul>\n<li aria-level=\"1\">Deutliche Reduktion der Schwellungen.<\/li>\n<li aria-level=\"1\">R\u00fcckkehr in das soziale Leben m\u00f6glich.<\/li>\n<li aria-level=\"1\">Schwere k\u00f6rperliche Aktivit\u00e4ten sind zu vermeiden.<\/li>\n<li aria-level=\"1\">Auf Schwimmen und andere verletzungsanf\u00e4llige Aktivit\u00e4ten verzichten.<\/li>\n<\/ul>\n<p>Im Zeitraum von drei bis sechs Monaten klingen Schwellungen langsam ab; an der Nasenspitze kann dies l\u00e4nger dauern. Patienten nehmen ihre normalen Trainingsroutinen wieder auf, sollten jedoch direkten Druck auf die Nase meiden. Nach einem Jahr sind die endg\u00fcltigen Ergebnisse erkennbar. Hei\u00dfe, feuchte Sommerbedingungen k\u00f6nnen den Heilungsprozess beeinflussen und erfordern besondere Vorsicht.<\/p>\n<h2><span class=\"ez-toc-section\" id=\"Welche_Vor-_und_Nachteile_hat_eine_Nasen-OP_in_den_Sommermonaten\"><\/span>Welche Vor- und Nachteile hat eine Nasen-OP in den Sommermonaten?<span class=\"ez-toc-section-end\"><\/span><\/h2>\n<p><strong>Vorteile:<\/strong><\/p>\n<ul>\n<li aria-level=\"1\">Urlaubszeiten bieten ausreichend Erholungsraum f\u00fcr die Genesung.<\/li>\n<li aria-level=\"1\">Warme Temperaturen beugen Erk\u00e4ltungskomplikationen vor.<\/li>\n<li aria-level=\"1\">Leichte Sommerkleidung sorgt f\u00fcr zus\u00e4tzlichen Komfort.<\/li>\n<\/ul>\n<p><strong>Nachteile:<\/strong><\/p>\n<ul>\n<li aria-level=\"1\"><a href=\"https:\/\/my.clevelandclinic.org\/health\/treatments\/23999-plastic-and-reconstructive-surgery\" target=\"_blank\" rel=\"noopener\">Direkte Sonneneinstrahlung und hohe Temperaturen<\/a> k\u00f6nnen Schwellungen und <a href=\"https:\/\/www.alevcamcioglu.com\/rinoplasti-sonrasi-morluklar-ne-zaman-iyilesir\/\">Bluterg\u00fcsse<\/a> verst\u00e4rken.<\/li>\n<li aria-level=\"1\">Sommeraktivit\u00e4ten erh\u00f6hen Infektions- und Verletzungsrisiken.<\/li>\n<li aria-level=\"1\">Vermehrtes Schwitzen erschwert die Hygiene.<\/li>\n<li aria-level=\"1\">Reisepl\u00e4ne k\u00f6nnen den Heilungsverlauf beeintr\u00e4chtigen.<\/li>\n<li aria-level=\"1\">Saisonale Allergien k\u00f6nnen zu verstopfter Nase f\u00fchren und die Genesung erschweren.<\/li>\n<\/ul>\n<h2><span class=\"ez-toc-section\" id=\"Kann_man_nach_einer_Nasen-OP_im_Sommer_schwimmen_gehen\"><\/span>Kann man nach einer Nasen-OP im Sommer schwimmen gehen?<span class=\"ez-toc-section-end\"><\/span><\/h2>\n<p>Ob Schwimmen nach einer Nasen-OP im Sommer m\u00f6glich ist, h\u00e4ngt stark von der Heilungsphase ab.<\/p>\n<p><strong>Erste Heilungsphase (1\u20132 Wochen):<\/strong><\/p>\n<ul>\n<li aria-level=\"1\">Jede Wasseraktivit\u00e4t strikt vermeiden.<\/li>\n<li aria-level=\"1\">Kein Wasserkontakt, solange die Schiene vorhanden ist.<\/li>\n<\/ul>\n<p><strong>N\u00e4chste Heilungsphase (3\u20134 Wochen):<\/strong><\/p>\n<ul>\n<li aria-level=\"1\">Leichte Aktivit\u00e4ten sind erlaubt.<\/li>\n<li aria-level=\"1\">Schwimmen bleibt tabu, da Klor- und Naturgew\u00e4sser Risiken bergen.<\/li>\n<\/ul>\n<p><strong>Vollst\u00e4ndige Heilungsphase (4\u20136 Wochen):<\/strong><\/p>\n<ul>\n<li aria-level=\"1\">Mindestens vier Wochen warten.<\/li>\n<li aria-level=\"1\">Beim Schwimmen anstrengende Bewegungen vermeiden.<\/li>\n<li aria-level=\"1\">Ruhige Zeiten und wenig Andrang w\u00e4hlen.<\/li>\n<\/ul>\n<p><strong>Langfristige Aspekte (3 Monate):<\/strong><\/p>\n<ul>\n<li aria-level=\"1\">Starke Sonneneinstrahlung meiden.<\/li>\n<li aria-level=\"1\">Sonnenschutzmittel auftragen und Hut tragen.<\/li>\n<\/ul>\n<h2><span class=\"ez-toc-section\" id=\"Wie_lassen_sich_Schwellungen_und_Bluterguesse_nach_einer_Nasen-OP_im_Sommer_verringern\"><\/span>Wie lassen sich Schwellungen und Bluterg\u00fcsse nach einer Nasen-OP im Sommer verringern?<span class=\"ez-toc-section-end\"><\/span><\/h2>\n<ul>\n<li aria-level=\"1\">Den Kopf hoch lagern, insbesondere beim Schlafen (mehrere Kissen oder Keilkissen).<\/li>\n<li aria-level=\"1\">K\u00fchle Kompressen 20 Minuten anlegen, 20 Minuten pausieren.<\/li>\n<li aria-level=\"1\">Hitzequellen wie direkte Sonne, hei\u00dfe B\u00e4der oder Sauna meiden.<\/li>\n<li aria-level=\"1\"><a href=\"https:\/\/www.alevcamcioglu.com\/burun-ameliyati-beslenme-oneriler-ve-yenmemesi-gerekenler\/\">Salzarme Ern\u00e4hrung<\/a> und ausreichende Fl\u00fcssigkeitszufuhr reduzieren Fl\u00fcssigkeitseinlagerungen.<\/li>\n<li aria-level=\"1\">Blutverd\u00fcnnende Medikamente oder bestimmte Kr\u00e4uterprodukte nur nach \u00e4rztlicher R\u00fccksprache einnehmen.<\/li>\n<li aria-level=\"1\">Nikotin und Alkohol meiden, um die Heilung zu beschleunigen.<\/li>\n<li aria-level=\"1\">Leichte Bewegung f\u00f6rdert die Durchblutung; schwere Belastungen sind zu vermeiden.<\/li>\n<\/ul>\n<h2><span class=\"ez-toc-section\" id=\"Wie_sollten_sich_Personen_nach_einer_Nasen-OP_im_Sommer_vor_der_Sonne_schuetzen\"><\/span>Wie sollten sich Personen nach einer Nasen-OP im Sommer vor der Sonne sch\u00fctzen?<span class=\"ez-toc-section-end\"><\/span><\/h2>\n<ul>\n<li><strong>Sonnencreme:<\/strong> Breitband-Sonnenschutz (SPF 30 oder h\u00f6her) mit Zinkoxid oder Titandioxid 20 Minuten vor dem Aufenthalt im Freien auftragen und alle zwei Stunden erneuern.<\/li>\n<li><strong>Sch\u00fctzende Kleidung:<\/strong> Breitrandige H\u00fcte und UV-sch\u00fctzende Kleidung tragen.<\/li>\n<li><strong>Schatten:<\/strong> Zwischen 10 und 16 Uhr m\u00f6glichst im Schatten bleiben oder einen Sonnenschirm verwenden.<\/li>\n<\/ul>\n<h2><span class=\"ez-toc-section\" id=\"Koennen_Menschen_nach_einer_Nasen-OP_im_Sommer_Sport_treiben\"><\/span>K\u00f6nnen Menschen nach einer Nasen-OP im Sommer Sport treiben?<span class=\"ez-toc-section-end\"><\/span><\/h2>\n<p><strong>Erste Woche:<\/strong><\/p>\n<ul>\n<li aria-level=\"1\">Leichte Spazierg\u00e4nge im Haus.<\/li>\n<li aria-level=\"1\">Aktivit\u00e4ten vermeiden, die Puls oder Blutdruck stark erh\u00f6hen.<\/li>\n<\/ul>\n<p><strong>Woche 2\u20134:<\/strong><\/p>\n<ul>\n<li aria-level=\"1\">Leichte Spazierg\u00e4nge und Stretching.<\/li>\n<li aria-level=\"1\">Keine hochintensiven oder nasenbelastenden Aktivit\u00e4ten.<\/li>\n<li aria-level=\"1\">Schwimmen und Yoga nur in schonenden Positionen.<\/li>\n<\/ul>\n<p><strong>Woche 4\u20136:<\/strong><\/p>\n<ul>\n<li aria-level=\"1\">Schrittweise Steigerung von Dauer und Intensit\u00e4t.<\/li>\n<li aria-level=\"1\">Laufen oder Radfahren moderater Intensit\u00e4t m\u00f6glich.<\/li>\n<li aria-level=\"1\">Kontaktsport meiden.<\/li>\n<\/ul>\n<p><strong>Nach 6 Wochen:<\/strong><\/p>\n<ul>\n<li aria-level=\"1\">R\u00fcckkehr zu intensiveren Workouts.<\/li>\n<li aria-level=\"1\">Kontaktsport weiterhin vermeiden.<\/li>\n<\/ul>\n<h2><span class=\"ez-toc-section\" id=\"Haeufig_gestellte_Fragen\"><\/span>H\u00e4ufig gestellte Fragen<span class=\"ez-toc-section-end\"><\/span><\/h2>\n<p><strong>Welche Vorteile bietet eine Nasen-OP im Sommer?<\/strong><\/p>\n<p>Warme Temperaturen f\u00f6rdern die Durchblutung und k\u00f6nnen die Heilung unterst\u00fctzen. Ferienzeiten erm\u00f6glichen l\u00e4ngere Erholungsphasen, und breite H\u00fcte sch\u00fctzen Verb\u00e4nde vor der Sonne. Direktes Sonnenlicht und das Tragen von Sonnenbrillen auf der noch empfindlichen Nase sind jedoch zu vermeiden.<\/p>\n<p><strong>Wie beeinflusst Hitze die Heilung nach der Operation?<\/strong><\/p>\n<p>Hohe Temperaturen k\u00f6nnen Schwellungen und Beschwerden verst\u00e4rken, da sie die Gef\u00e4\u00dferweiterung f\u00f6rdern. Viel Wasser trinken, direkte Sonne meiden und die postoperativen Anweisungen des Chirurgen befolgen, mildert diese Effekte.<\/p>\n<p><strong>Beeintr\u00e4chtigt Sonneneinstrahlung das Ergebnis der Nasen-OP?<\/strong><\/p>\n<p>UV-Licht kann Schwellungen verst\u00e4rken, Pigmentver\u00e4nderungen ausl\u00f6sen und Narbenbildung beg\u00fcnstigen. In den ersten zwei Wochen ist direkte Sonneneinstrahlung strikt zu vermeiden; danach sollte die Nase f\u00fcr mindestens sechs Monate konsequent gesch\u00fctzt werden.<\/p>\n<p><strong>Welche Vorsichtsma\u00dfnahmen sind nach einer Nasen-OP im Sommer n\u00f6tig?<\/strong><\/p>\n<p>Direkte Sonne meiden, breite H\u00fcte tragen, Sonnenschutz auftragen, klimatisierte R\u00e4ume aufsuchen und ausreichend Fl\u00fcssigkeit zuf\u00fchren. Anstrengende Aktivit\u00e4ten, Schwimmen und Druck durch Brillen in den ersten Wochen vermeiden.<\/p>\n<p><strong>Welche besonderen Ma\u00dfnahmen gelten allgemein f\u00fcr Sommeroperationen?<\/strong><\/p>\n<p>Nasenbereich vor UV-Licht sch\u00fctzen (Hut, Sonnenschutz\u00a0SPF 50+), in k\u00fchlen Umgebungen bleiben, gen\u00fcgend Fl\u00fcssigkeit trinken, auf intensive k\u00f6rperliche Aktivit\u00e4ten und Schwimmen vier bis sechs Wochen verzichten und Brillen in den ersten sechs Wochen nicht direkt auf der Nase tragen. So kann eine komplikationsarme Heilung gew\u00e4hrleistet werden.<\/p>\n","protected":false},"excerpt":{"rendered":"<p>Eine Nasenoperation ist grunds\u00e4tzlich auch im Sommer m\u00f6glich. Die Jahreszeit hat keinen direkten Einfluss auf den Heilungsverlauf, solange die \u00e4rztlichen Empfehlungen beachtet werden. Besondere Vorsicht ist jedoch bei Sonnenexposition geboten. Direkte Sonneneinstrahlung kann Schwellungen verst\u00e4rken und die Bildung von Pigmentflecken im Operationsbereich beg\u00fcnstigen. Patienten sollten die Nase in den ersten Monaten konsequent vor Sonne sch\u00fctzen. [&#8230;]\n","protected":false},"author":990002,"featured_media":3221,"comment_status":"closed","ping_status":"open","sticky":false,"template":"","format":"standard","meta":{"footnotes":""},"categories":[78],"tags":[],"class_list":["post-9952","post","type-post","status-publish","format-standard","has-post-thumbnail","hentry","category-nasen-op"],"_links":{"self":[{"href":"https:\/\/www.alevcamcioglu.com\/de\/wp-json\/wp\/v2\/posts\/9952","targetHints":{"allow":["GET"]}}],"collection":[{"href":"https:\/\/www.alevcamcioglu.com\/de\/wp-json\/wp\/v2\/posts"}],"about":[{"href":"https:\/\/www.alevcamcioglu.com\/de\/wp-json\/wp\/v2\/types\/post"}],"author":[{"embeddable":true,"href":"https:\/\/www.alevcamcioglu.com\/de\/wp-json\/wp\/v2\/users\/990002"}],"replies":[{"embeddable":true,"href":"https:\/\/www.alevcamcioglu.com\/de\/wp-json\/wp\/v2\/comments?post=9952"}],"version-history":[{"count":2,"href":"https:\/\/www.alevcamcioglu.com\/de\/wp-json\/wp\/v2\/posts\/9952\/revisions"}],"predecessor-version":[{"id":10591,"href":"https:\/\/www.alevcamcioglu.com\/de\/wp-json\/wp\/v2\/posts\/9952\/revisions\/10591"}],"wp:featuredmedia":[{"embeddable":true,"href":"https:\/\/www.alevcamcioglu.com\/de\/wp-json\/wp\/v2\/media\/3221"}],"wp:attachment":[{"href":"https:\/\/www.alevcamcioglu.com\/de\/wp-json\/wp\/v2\/media?parent=9952"}],"wp:term":[{"taxonomy":"category","embeddable":true,"href":"https:\/\/www.alevcamcioglu.com\/de\/wp-json\/wp\/v2\/categories?post=9952"},{"taxonomy":"post_tag","embeddable":true,"href":"https:\/\/www.alevcamcioglu.com\/de\/wp-json\/wp\/v2\/tags?post=9952"}],"curies":[{"name":"wp","href":"https:\/\/api.w.org\/{rel}","templated":true}]}}