{"id":9947,"date":"2024-07-29T07:30:49","date_gmt":"2024-07-29T07:30:49","guid":{"rendered":"https:\/\/www.alevcamcioglu.com\/?p=9947"},"modified":"2025-08-27T19:03:20","modified_gmt":"2025-08-27T19:03:20","slug":"kann-es-nach-einer-nasen-op-zu-einer-einsenkung-der-nase-kommen","status":"publish","type":"post","link":"https:\/\/www.alevcamcioglu.com\/de\/kann-es-nach-einer-nasen-op-zu-einer-einsenkung-der-nase-kommen\/","title":{"rendered":"Kann es nach einer Nasen-OP zu einer Einsenkung der Nase kommen?"},"content":{"rendered":"<p><span style=\"font-weight: 400;\">Eine Einsenkung der Nase nach einer Nasenoperation kann auftreten, wenn zu viel Gewebe entfernt oder die Stabilit\u00e4t der Strukturen nicht ausreichend gesichert wurde.<\/span><\/p>\n<p><span style=\"font-weight: 400;\">Betroffene bemerken dies oft an einer eingefallenen Nasenbr\u00fccke oder einer ver\u00e4nderten Nasenspitze. Neben \u00e4sthetischen Problemen kann auch die Nasenatmung beeintr\u00e4chtigt sein.<\/span><\/p>\n<p><span style=\"font-weight: 400;\">Die Korrektur erfordert in der Regel eine erneute Operation mit Knorpeltransplantaten, um die Struktur zu stabilisieren und die Form wiederherzustellen.<\/span><\/p>\n<p><span style=\"font-weight: 400;\">Sorgf\u00e4ltige chirurgische Planung und konservative Gewebeentfernung reduzieren das Risiko einer Einsenkung nach einer Rhinoplastik erheblich.<\/span><\/p>\n<p>\\\n\t<section class=\"section\" id=\"section_1665634045\">\n\t\t<div class=\"section-bg fill\" >\n\t\t\t\t\t\t\t\t\t\n\t\t\t\n\n\t\t<\/div>\n\n\t\t\n\n\t\t<div class=\"section-content relative\">\n\t\t\t\n\n<div class=\"row\"  id=\"row-1913709620\">\n\n\n\t<div id=\"col-948329841\" class=\"col small-12 large-12\"  >\n\t\t\t\t<div class=\"col-inner box-shadow-2\"  >\n\t\t\t\n\t\t\t\n\n<div class=\"row\"  id=\"row-162935462\">\n\n\n\t<div id=\"col-1510273065\" class=\"col show-for-small medium-3 small-12 large-3\"  >\n\t\t\t\t<div class=\"col-inner\"  >\n\t\t\t\n\t\t\t\n\n\t<div class=\"img has-hover x md-x lg-x y md-y lg-y\" id=\"image_1778171231\">\n\t\t\t\t\t\t\t\t<div class=\"img-inner dark\" >\n\t\t\t<img decoding=\"async\" width=\"1231\" height=\"1280\" src=\"https:\/\/www.alevcamcioglu.com\/wp-content\/uploads\/2024\/10\/galeri61.webp\" class=\"attachment-2048x2048 size-2048x2048\" alt=\"Br\u00fcnette Frau vor und nach der Nasenkorrektur\" srcset=\"https:\/\/www.alevcamcioglu.com\/wp-content\/uploads\/2024\/10\/galeri61.webp 1231w, https:\/\/www.alevcamcioglu.com\/wp-content\/uploads\/2024\/10\/galeri61-385x400.webp 385w, https:\/\/www.alevcamcioglu.com\/wp-content\/uploads\/2024\/10\/galeri61-769x800.webp 769w, https:\/\/www.alevcamcioglu.com\/wp-content\/uploads\/2024\/10\/galeri61-768x799.webp 768w\" sizes=\"(max-width: 1231px) 100vw, 1231px\" title=\"\">\t\t\t\t\t\t\n\t\t\t\t\t<\/div>\n\t\t\t\t\t\t\t\t\n<style>\n#image_1778171231 {\n  width: 100%;\n}\n<\/style>\n\t<\/div>\n\t\n\n\n\t\t<\/div>\n\t\t\t\t\n<style>\n#col-1510273065 > .col-inner {\n  border-radius: 20px;\n}\n<\/style>\n\t<\/div>\n\n\t\n\n\t<div id=\"col-960476418\" class=\"col whatsapp-alani hide-for-small medium-3 small-12 large-3\"  >\n\t\t\t\t<div class=\"col-inner box-shadow-2\" style=\"background-color:rgb(37, 211, 102);\" >\n\t\t\t\n\t\t\t\n\n\t<div id=\"text-4012178343\" class=\"text\">\n\t\t\n\n<div><a href=\"https:\/\/api.whatsapp.com\/send\/?phone=905324776496&amp;text=Merhaba%2C+https%3A%2F%2Fwww.alevcamcioglu.com%2F+adresinden+size+ula%C5%9F%C4%B1yorum.&amp;type=phone_number&amp;app_absent=0\"><span style=\"color: #ffffff;\">7\/24 WhatsApp<\/span>\r\n<span style=\"color: #ffffff;\">Jetzt <strong>klicken<\/strong>!<\/span><\/a><\/div>\n\t\t\n<style>\n#text-4012178343 {\n  font-size: 1.5rem;\n  text-align: center;\n}\n<\/style>\n\t<\/div>\n\t\n\n\t\t<\/div>\n\t\t\t\t\n<style>\n#col-960476418 > .col-inner {\n  padding: 20px 0px 22px 0px;\n  margin: 0px 0px -31px 0px;\n}\n<\/style>\n\t<\/div>\n\n\t\n\n\t<div id=\"col-740593173\" class=\"col show-for-small medium-3 small-12 large-3\"  >\n\t\t\t\t<div class=\"col-inner box-shadow-2\" style=\"background-color:rgb(37, 211, 102);\" >\n\t\t\t\n\t\t\t\n\n\t<div id=\"text-1848752288\" class=\"text\">\n\t\t\n\n<div><a href=\"https:\/\/api.whatsapp.com\/send\/?phone=905324776496&amp;text=Merhaba%2C+https%3A%2F%2Fwww.alevcamcioglu.com%2F+adresinden+size+ula%C5%9F%C4%B1yorum.&amp;type=phone_number&amp;app_absent=0\"><span style=\"color: #ffffff;\">7\/24 WhatsApp Jetzt <strong>klicken<\/strong>! <\/span><\/a><\/div>\n\t\t\n<style>\n#text-1848752288 {\n  font-size: 1.5rem;\n  text-align: center;\n}\n<\/style>\n\t<\/div>\n\t\n\n\t\t<\/div>\n\t\t\t\t\n<style>\n#col-740593173 > .col-inner {\n  padding: 10px 10px 10px 10px;\n  margin: 0px 0px 0px 0px;\n  border-radius: 100px;\n}\n@media (min-width:550px) {\n  #col-740593173 > .col-inner {\n    padding: 40px 0px 30px 0px;\n    margin: 0px 0px -40px 0px;\n  }\n}\n<\/style>\n\t<\/div>\n\n\t\n\n\t<div id=\"col-1554497548\" class=\"col medium-9 small-12 large-9\"  >\n\t\t\t\t<div class=\"col-inner text-left\"  >\n\t\t\t\n\t<div class=\"is-border\"\n\t\tstyle=\"border-width:0px 0px 0px 0px;margin:0px 0px 0px 0px;\">\n\t<\/div>\n\t\t\t\n\n<div class=\"row\"  id=\"row-1769715012\">\n\n\n\t<div id=\"col-1559069017\" class=\"col small-12 large-12\"  >\n\t\t\t\t<div class=\"col-inner\"  >\n\t\t\t\n\t\t\t\n\n\n<div class=\"wpcf7 no-js\" id=\"wpcf7-f1469-o1\" lang=\"de-DE\" dir=\"ltr\" data-wpcf7-id=\"1469\">\n<div class=\"screen-reader-response\"><p role=\"status\" aria-live=\"polite\" aria-atomic=\"true\"><\/p> <ul><\/ul><\/div>\n<form action=\"\/de\/wp-json\/wp\/v2\/posts\/9947#wpcf7-f1469-o1\" method=\"post\" class=\"wpcf7-form init\" aria-label=\"Kontaktformular\" novalidate=\"novalidate\" data-status=\"init\">\n<fieldset class=\"hidden-fields-container\"><input type=\"hidden\" name=\"_wpcf7\" value=\"1469\" \/><input type=\"hidden\" name=\"_wpcf7_version\" value=\"6.1.5\" \/><input type=\"hidden\" name=\"_wpcf7_locale\" value=\"de_DE\" \/><input type=\"hidden\" name=\"_wpcf7_unit_tag\" value=\"wpcf7-f1469-o1\" \/><input type=\"hidden\" name=\"_wpcf7_container_post\" value=\"0\" \/><input type=\"hidden\" name=\"_wpcf7_posted_data_hash\" value=\"\" \/>\n<\/fieldset>\n<div class=\"sp-form\">\n\t<div class=\"col-row\">\n\t\t<div class=\"col-quarter\">\n\t\t\t<p><span class=\"wpcf7-form-control-wrap\" data-name=\"text-340\"><input size=\"40\" maxlength=\"400\" class=\"wpcf7-form-control wpcf7-text wpcf7-validates-as-required\" autocomplete=\"name\" aria-required=\"true\" aria-invalid=\"false\" placeholder=\"Name\" value=\"\" type=\"text\" name=\"text-340\" \/><\/span>\n\t\t\t<\/p>\n\t\t<\/div>\n\t\t<div class=\"col-quarter\">\n\t\t\t<p><span class=\"wpcf7-form-control-wrap\" data-name=\"tel-10\"><input size=\"40\" maxlength=\"400\" class=\"wpcf7-form-control wpcf7-tel wpcf7-validates-as-required wpcf7-text wpcf7-validates-as-tel\" autocomplete=\"name\" aria-required=\"true\" aria-invalid=\"false\" placeholder=\"Telefon\" value=\"\" type=\"tel\" name=\"tel-10\" \/><\/span>\n\t\t\t<\/p>\n\t\t<\/div>\n\t\t<div class=\"col-quarter\">\n\t\t\t<p><span class=\"wpcf7-form-control-wrap\" data-name=\"email-563\"><input size=\"40\" maxlength=\"400\" class=\"wpcf7-form-control wpcf7-email wpcf7-validates-as-required wpcf7-text wpcf7-validates-as-email\" autocomplete=\"name\" aria-required=\"true\" aria-invalid=\"false\" placeholder=\"E-Mail\" value=\"\" type=\"email\" name=\"email-563\" \/><\/span>\n\t\t\t<\/p>\n\t\t<\/div>\n\t\t<div class=\"col-quarter\">\n\t\t\t<p><input class=\"wpcf7-form-control wpcf7-submit has-spinner\" type=\"submit\" value=\"EINREICHEN\" \/>\n\t\t\t<\/p>\n\t\t<\/div>\n\t<\/div>\n<\/div><p style=\"display: none !important;\" class=\"akismet-fields-container\" data-prefix=\"_wpcf7_ak_\"><label>&#916;<textarea name=\"_wpcf7_ak_hp_textarea\" cols=\"45\" rows=\"8\" maxlength=\"100\"><\/textarea><\/label><input type=\"hidden\" id=\"ak_js_1\" name=\"_wpcf7_ak_js\" value=\"74\"\/><script type=\"text\/javascript\">\n\/* <![CDATA[ *\/\ndocument.getElementById( \"ak_js_1\" ).setAttribute( \"value\", ( new Date() ).getTime() );\n\/* ]]> *\/\n<\/script>\n<\/p><div class=\"wpcf7-response-output\" aria-hidden=\"true\"><\/div>\n<\/form>\n<\/div>\n\n\n\n\t\t<\/div>\n\t\t\t\t\n<style>\n#col-1559069017 > .col-inner {\n  margin: 0px 0px -70px 0px;\n}\n<\/style>\n\t<\/div>\n\n\t\n\n\t<div id=\"col-1134536492\" class=\"col small-12 large-12\"  >\n\t\t\t\t<div class=\"col-inner\"  >\n\t\t\t\n\t\t\t\n\n\t<div id=\"text-3339423527\" class=\"text\">\n\t\t\n\n<p><span style=\"font-size: 50%;\">Wir empfehlen, alle Felder auszuf\u00fcllen, damit wir Sie bez\u00fcglich * bestm\u00f6glich kontaktieren k\u00f6nnen.<\/span><\/p>\n\t\t\n<style>\n#text-3339423527 {\n  font-size: 1.15rem;\n  line-height: 0.75;\n}\n<\/style>\n\t<\/div>\n\t\n\n\t\t<\/div>\n\t\t\t\t\n<style>\n#col-1134536492 > .col-inner {\n  margin: 0px 0px -40px 0px;\n}\n<\/style>\n\t<\/div>\n\n\t\n\n<\/div>\n\n\t\t<\/div>\n\t\t\t\t\n<style>\n#col-1554497548 > .col-inner {\n  padding: 0px 0px 0px 0px;\n  margin: 0px 0px -20px 0px;\n}\n@media (min-width:550px) {\n  #col-1554497548 > .col-inner {\n    padding: 20px 0px 0px 0px;\n    margin: 0px 0px -66px 0px;\n  }\n}\n<\/style>\n\t<\/div>\n\n\t\n\n<\/div>\n\n\t\t<\/div>\n\t\t\t\t\n<style>\n#col-948329841 > .col-inner {\n  padding: 30px 10px 0px 10px;\n  border-radius: 30px;\n}\n@media (min-width:550px) {\n  #col-948329841 > .col-inner {\n    padding: 0px 20px 0px 0px;\n  }\n}\n<\/style>\n\t<\/div>\n\n\t\n\n<\/div>\n\n\t\t<\/div>\n\n\t\t\n<style>\n#section_1665634045 {\n  padding-top: 30px;\n  padding-bottom: 30px;\n}\n<\/style>\n\t<\/section>\n\t\n<div id=\"ez-toc-container\" class=\"ez-toc-v2_0_82_2 counter-hierarchy ez-toc-counter ez-toc-grey ez-toc-container-direction\">\n<div class=\"ez-toc-title-container\">\n<p class=\"ez-toc-title\" style=\"cursor:inherit\">Inhaltsverzeichnis<\/p>\n<span class=\"ez-toc-title-toggle\"><a href=\"#\" class=\"ez-toc-pull-right ez-toc-btn ez-toc-btn-xs ez-toc-btn-default ez-toc-toggle\" aria-label=\"Toggle Table of Content\"><span class=\"ez-toc-js-icon-con\"><span class=\"\"><span class=\"eztoc-hide\" style=\"display:none;\">Toggle<\/span><span class=\"ez-toc-icon-toggle-span\"><svg style=\"fill: #999;color:#999\" xmlns=\"http:\/\/www.w3.org\/2000\/svg\" class=\"list-377408\" width=\"20px\" height=\"20px\" viewBox=\"0 0 24 24\" fill=\"none\"><path d=\"M6 6H4v2h2V6zm14 0H8v2h12V6zM4 11h2v2H4v-2zm16 0H8v2h12v-2zM4 16h2v2H4v-2zm16 0H8v2h12v-2z\" fill=\"currentColor\"><\/path><\/svg><svg style=\"fill: #999;color:#999\" class=\"arrow-unsorted-368013\" xmlns=\"http:\/\/www.w3.org\/2000\/svg\" width=\"10px\" height=\"10px\" viewBox=\"0 0 24 24\" version=\"1.2\" baseProfile=\"tiny\"><path d=\"M18.2 9.3l-6.2-6.3-6.2 6.3c-.2.2-.3.4-.3.7s.1.5.3.7c.2.2.4.3.7.3h11c.3 0 .5-.1.7-.3.2-.2.3-.5.3-.7s-.1-.5-.3-.7zM5.8 14.7l6.2 6.3 6.2-6.3c.2-.2.3-.5.3-.7s-.1-.5-.3-.7c-.2-.2-.4-.3-.7-.3h-11c-.3 0-.5.1-.7.3-.2.2-.3.5-.3.7s.1.5.3.7z\"\/><\/svg><\/span><\/span><\/span><\/a><\/span><\/div>\n<nav><ul class='ez-toc-list ez-toc-list-level-1 ' ><li class='ez-toc-page-1 ez-toc-heading-level-2'><a class=\"ez-toc-link ez-toc-heading-1\" href=\"https:\/\/www.alevcamcioglu.com\/de\/kann-es-nach-einer-nasen-op-zu-einer-einsenkung-der-nase-kommen\/#Wie_laesst_sich_ein_Einsinken_nach_einer_Nasen-OP_verhindern\" >Wie l\u00e4sst sich ein Einsinken nach einer Nasen-OP verhindern?<\/a><\/li><li class='ez-toc-page-1 ez-toc-heading-level-2'><a class=\"ez-toc-link ez-toc-heading-2\" href=\"https:\/\/www.alevcamcioglu.com\/de\/kann-es-nach-einer-nasen-op-zu-einer-einsenkung-der-nase-kommen\/#Welche_Anzeichen_deuten_auf_ein_Einsinken_nach_der_Nasen-OP_hin\" >Welche Anzeichen deuten auf ein Einsinken nach der Nasen-OP hin?<\/a><\/li><li class='ez-toc-page-1 ez-toc-heading-level-2'><a class=\"ez-toc-link ez-toc-heading-3\" href=\"https:\/\/www.alevcamcioglu.com\/de\/kann-es-nach-einer-nasen-op-zu-einer-einsenkung-der-nase-kommen\/#Wer_hat_ein_hoeheres_Risiko_fuer_ein_Einsinken_nach_der_Nasen-OP\" >Wer hat ein h\u00f6heres Risiko f\u00fcr ein Einsinken nach der Nasen-OP?<\/a><\/li><li class='ez-toc-page-1 ez-toc-heading-level-2'><a class=\"ez-toc-link ez-toc-heading-4\" href=\"https:\/\/www.alevcamcioglu.com\/de\/kann-es-nach-einer-nasen-op-zu-einer-einsenkung-der-nase-kommen\/#In_welchem_Zeitraum_kann_ein_Einsinken_nach_der_Nasen-OP_auftreten\" >In welchem Zeitraum kann ein Einsinken nach der Nasen-OP auftreten?<\/a><\/li><li class='ez-toc-page-1 ez-toc-heading-level-2'><a class=\"ez-toc-link ez-toc-heading-5\" href=\"https:\/\/www.alevcamcioglu.com\/de\/kann-es-nach-einer-nasen-op-zu-einer-einsenkung-der-nase-kommen\/#Welche_Behandlungsmoeglichkeiten_gibt_es_bei_eingesunkener_Nase\" >Welche Behandlungsm\u00f6glichkeiten gibt es bei eingesunkener Nase?<\/a><\/li><li class='ez-toc-page-1 ez-toc-heading-level-2'><a class=\"ez-toc-link ez-toc-heading-6\" href=\"https:\/\/www.alevcamcioglu.com\/de\/kann-es-nach-einer-nasen-op-zu-einer-einsenkung-der-nase-kommen\/#Warum_kommt_es_nach_der_Nasen-OP_zum_Einsinken\" >Warum kommt es nach der Nasen-OP zum Einsinken?<\/a><\/li><li class='ez-toc-page-1 ez-toc-heading-level-2'><a class=\"ez-toc-link ez-toc-heading-7\" href=\"https:\/\/www.alevcamcioglu.com\/de\/kann-es-nach-einer-nasen-op-zu-einer-einsenkung-der-nase-kommen\/#Haeufig_gestellte_Fragen\" >H\u00e4ufig gestellte Fragen<\/a><\/li><\/ul><\/nav><\/div>\n<h2><span class=\"ez-toc-section\" id=\"Wie_laesst_sich_ein_Einsinken_nach_einer_Nasen-OP_verhindern\"><\/span>Wie l\u00e4sst sich ein Einsinken nach einer Nasen-OP verhindern?<span class=\"ez-toc-section-end\"><\/span><\/h2>\n<p><a href=\"https:\/\/www.alevcamcioglu.com\/burun-estetigi\/\">Nasen-OP<\/a>-spezifische Strategien zur Vorbeugung eines sp\u00e4teren Einsinkens sind entscheidend f\u00fcr ein erfolgreiches Ergebnis. Der erste Schritt ist die Wahl einer erfahrenen Fach\u00e4rztin \/ eines erfahrenen Facharztes, die \/ der \u00fcber pr\u00e4zise Techniken verf\u00fcgt, um Risiken zu minimieren und optimale Resultate zu erzielen.<\/p>\n<p><strong>Verwendung von St\u00fctzgreifen:<\/strong> Greifte stabilisieren die Nasenstruktur und verringern das Einsinkrisiko.<\/p>\n<ul>\n<li aria-level=\"1\">Knorpel- oder Knochengreifte<\/li>\n<li aria-level=\"1\">Unentbehrlich, um Halt und Stabilit\u00e4t zu erh\u00f6hen<\/li>\n<\/ul>\n<p><strong>Erhalt von Seitenw\u00e4nden und Septum:<\/strong> Die Grundpfeiler der Nase m\u00fcssen bewahrt werden.<\/p>\n<ul>\n<li aria-level=\"1\">Seitenw\u00e4nde und Septum sind f\u00fcr die Stabilit\u00e4t der Nase essenziell<\/li>\n<li aria-level=\"1\">Durch geeignete Techniken wird das Einsinkrisiko minimiert<\/li>\n<\/ul>\n<p><strong>Ausgewogenes Entfernen von Gewebe:<\/strong> \u00dcberm\u00e4\u00dfige Resektionen sind zu vermeiden.<\/p>\n<ul>\n<li aria-level=\"1\">Eine ausgewogene Abtragung sch\u00fctzt das Nasendach<\/li>\n<li aria-level=\"1\">Wahrt \u00e4sthetische und funktionelle Integrit\u00e4t<\/li>\n<\/ul>\n<p><strong>Wichtigkeit der Nachsorge:<\/strong> Postoperative Anweisungen m\u00fcssen befolgt werden.<\/p>\n<ul>\n<li aria-level=\"1\">Medikamente einnehmen und anstrengende Aktivit\u00e4ten meiden<\/li>\n<li aria-level=\"1\">Alle Kontrolltermine wahrnehmen, um den Heilungsverlauf zu \u00fcberwachen<\/li>\n<\/ul>\n<p><strong>Externe St\u00fctzen:<\/strong> Zus\u00e4tzliche Hilfen w\u00e4hrend der Heilung sind wichtig.<\/p>\n<ul>\n<li aria-level=\"1\"><a href=\"https:\/\/www.alevcamcioglu.com\/burun-estetiginde-atel-ve-tampon-kullanimi\/\">Nasenschienen<\/a>, <a href=\"https:\/\/www.alevcamcioglu.com\/burun-ameliyati-sonrasi-flester-bant-ne-ise-yarar\/\">B\u00e4nder<\/a> und Klebestreifen<\/li>\n<li aria-level=\"1\">Unterst\u00fctzen die Ausrichtung und Stabilit\u00e4t der Strukturen<\/li>\n<\/ul>\n<p><strong>Regelm\u00e4\u00dfige Kontrollen:<\/strong> Laufende Termine mit der Fach\u00e4rztin \/ dem Facharzt sind essenziell.<\/p>\n<ul>\n<li aria-level=\"1\">Fr\u00fcherkennung m\u00f6glicher Komplikationen<\/li>\n<li aria-level=\"1\">Erm\u00f6glicht rechtzeitiges Eingreifen<\/li>\n<\/ul>\n<h2><span class=\"ez-toc-section\" id=\"Welche_Anzeichen_deuten_auf_ein_Einsinken_nach_der_Nasen-OP_hin\"><\/span>Welche Anzeichen deuten auf ein Einsinken nach der Nasen-OP hin?<span class=\"ez-toc-section-end\"><\/span><\/h2>\n<p>Nach einer Nasen-OP k\u00f6nnen verschiedene Symptome auf ein Einsinken hindeuten und die Lebensqualit\u00e4t beeintr\u00e4chtigen:<\/p>\n<ul>\n<li>Nasenatmungs\u00adbeschwerden: Besonders bei k\u00f6rperlicher Aktivit\u00e4t oder im Liegen ausgepr\u00e4gt.<\/li>\n<li>St\u00e4ndige Verstopfung: Dauerhaftes Blockadegef\u00fchl in der Nase.<\/li>\n<li>Mundatmung und Schnarchen: Folge der Verstopfung, tags\u00fcber und nachts.<\/li>\n<li>Ver\u00e4nderungen des Erscheinungsbildes: Einsinken des Nasenr\u00fcckens, feine oder asymmetrische Strukturen.<\/li>\n<li>Zeichen eines Nasenklappen\u00adkollapses:\n<ul>\n<li aria-level=\"2\">\u00c4u\u00dfere Klappe: Nasenl\u00f6cher k\u00f6nnen beim Einatmen kollabieren.<\/li>\n<li aria-level=\"2\">Innere Klappe: Verengung des oberen mittleren Nasenbereichs.<\/li>\n<\/ul>\n<\/li>\n<li>Wiederkehrende Nasenbluten und Krustenbildung.<\/li>\n<li><a href=\"https:\/\/www.alevcamcioglu.com\/burun-estetigi-sonrasi-koku-alma-kaybi-yasanir-mi\/\">Reduzierter Geruchssinn<\/a> durch anhaltende Verstopfung.<\/li>\n<li>Inverse-V-Deformit\u00e4t: Dreiecksf\u00f6rmige Vertiefung unter den Nasenknochen.<\/li>\n<\/ul>\n<h2><span class=\"ez-toc-section\" id=\"Wer_hat_ein_hoeheres_Risiko_fuer_ein_Einsinken_nach_der_Nasen-OP\"><\/span>Wer hat ein h\u00f6heres Risiko f\u00fcr ein Einsinken nach der Nasen-OP?<span class=\"ez-toc-section-end\"><\/span><\/h2>\n<p>Ein Einsinken tritt h\u00e4ufiger auf bei:<\/p>\n<ul>\n<li><strong>\u00dcberm\u00e4\u00dfige Knorpelentfernung:<\/strong> Schw\u00e4cht die tragende Struktur.<\/li>\n<li><strong>Chirurgische Fehler:<\/strong> Sch\u00e4den am Septum oder unzureichende St\u00fctzung.<\/li>\n<li><strong>Fr\u00fchere Nasentraumen:<\/strong> Vorverletzungen schw\u00e4chen die Struktur.<\/li>\n<li><strong>D\u00fcnner oder schwacher Knorpel:<\/strong> Genetisch oder durch Voroperationen bedingt.<\/li>\n<li><strong>Infektionen nach der OP:<\/strong> Verz\u00f6gern die Heilung und schw\u00e4chen das Gewebe.<\/li>\n<li><strong>\u00dcberm\u00e4\u00dfige Reduktion des Nasenr\u00fcckens:<\/strong> F\u00fchrt zu eingesunkenem Erscheinungsbild.<\/li>\n<\/ul>\n<h2><span class=\"ez-toc-section\" id=\"In_welchem_Zeitraum_kann_ein_Einsinken_nach_der_Nasen-OP_auftreten\"><\/span>In welchem Zeitraum kann ein Einsinken nach der Nasen-OP auftreten?<span class=\"ez-toc-section-end\"><\/span><\/h2>\n<ul>\n<li><strong>Erste Wochen:<\/strong> Unmittelbar postoperativ m\u00f6glich, bedingt durch chirurgisches Trauma.<\/li>\n<li><strong>Erste sechs Monate:<\/strong> Schw\u00e4che des Knorpels kann zu einem fortschreitenden Einsinken f\u00fchren, besonders bei \u00fcberm\u00e4\u00dfiger Resektion.<\/li>\n<li><strong>Nach einigen Jahren:<\/strong> Allm\u00e4hliches Absinken durch strukturelle Schw\u00e4chung von Knorpel und Knochen.<\/li>\n<\/ul>\n<h2><span class=\"ez-toc-section\" id=\"Welche_Behandlungsmoeglichkeiten_gibt_es_bei_eingesunkener_Nase\"><\/span>Welche Behandlungsm\u00f6glichkeiten gibt es bei eingesunkener Nase?<span class=\"ez-toc-section-end\"><\/span><\/h2>\n<ul>\n<li><strong>Knorpelgreift:<\/strong> Knorpel aus Ohr, Rippe oder Septum st\u00fctzt die Nasenspitze (z.\u00a0B. Alar-Batten- oder Spreader-Greifte).<\/li>\n<li><strong>Implantate:<\/strong> Latera-Implantat oder \u00e4hnliche Ger\u00e4te stabilisieren den Nasenklappen\u00adbereich.<\/li>\n<li><strong>Septoplastik:<\/strong> Behebt eine Deviationsseptum, die den Kollaps verst\u00e4rken kann.<\/li>\n<li><strong>Muschel\u00adreduktions\u00adoperation:<\/strong> Verkleinert vergr\u00f6\u00dferte Nasen\u00admuscheln und verbessert den Luftstrom.<\/li>\n<li><strong>N\u00e4h-Suspension:<\/strong> Hebt und erweitert den Nasenklappen\u00adbereich zur Verbesserung der Atmung.<\/li>\n<\/ul>\n<h2><span class=\"ez-toc-section\" id=\"Warum_kommt_es_nach_der_Nasen-OP_zum_Einsinken\"><\/span>Warum kommt es nach der Nasen-OP zum Einsinken?<span class=\"ez-toc-section-end\"><\/span><\/h2>\n<ul>\n<li><strong>Strukturelle Schw\u00e4chung:<\/strong> \u00dcberm\u00e4\u00dfige Entfernung von Knorpel\/Knochen oder aggressive Formung.<\/li>\n<li><strong>Chirurgische Fehler:<\/strong> Zu starkes Entfernen des Septum\u00adknorpels oder Sch\u00e4digung des St\u00fctzgewebes.<\/li>\n<li><strong>Infektionen:<\/strong> Postoperative Infektionen k\u00f6nnen das Gewebe schw\u00e4chen.<\/li>\n<li><strong>Traumata:<\/strong> Verletzungen der Nase in der Heilungsphase.<\/li>\n<li><strong>Ungeeignete Greift\u00admaterialien:<\/strong> Schlechte Integration oder unzureichende Unterst\u00fctzung.<\/li>\n<li><strong>Knorpel\u00addefizit:<\/strong> Mangel an ausreichendem Knorpelmaterial.<\/li>\n<li><strong>Anatomische Probleme:<\/strong> Deviations\u00adseptum oder angeborene Defekte.<\/li>\n<li><strong>Alterung:<\/strong> Nat\u00fcrliche strukturelle Schw\u00e4chung \u00fcber die Jahre.<\/li>\n<\/ul>\n<h2><span class=\"ez-toc-section\" id=\"Haeufig_gestellte_Fragen\"><\/span>H\u00e4ufig gestellte Fragen<span class=\"ez-toc-section-end\"><\/span><\/h2>\n<p><strong>Warum kann die Nase nach der OP einsinken?<\/strong><br \/>\n\u00dcberm\u00e4\u00dfige Entfernung von Knorpel oder Knochen, unzureichende Greiftung, Infektionen, \u00fcberm\u00e4\u00dfige Narbenbildung oder postoperative Traumata k\u00f6nnen die Struktur schw\u00e4chen und Deformit\u00e4ten wie den \u201eSaddle Nose\u201c verursachen.<\/p>\n<p><strong>Welche Ma\u00dfnahmen ergreift die*der Chirurg*in zur Vorbeugung?<\/strong><br \/>\nSchonende Resektion, strukturelle St\u00fctzung mittels Knorpelgreiften, ausf\u00fchrliche pr\u00e4operative Analyse sowie sorgf\u00e4ltige Nachsorge reduzieren das Einsinkrisiko erheblich.<\/p>\n<p><strong>Wie wird ein Einsinken behandelt?<\/strong><br \/>\nJe nach Schweregrad durch Injektions\u00adfiller (tempor\u00e4r) oder Knorpel\u00adgreift in einer Revions-Rhinoplastik (dauerhaft). Eine erfahrene Fach\u00e4rztin \/ ein erfahrener Facharzt ist entscheidend.<\/p>\n<p><strong>H\u00e4ngt das Risiko vom chirurgischen Verfahren ab?<\/strong><br \/>\nJa. Aggressive Resektionen erh\u00f6hen das Risiko; st\u00fctzende Methoden wie Knorpelgreifte oder Weichgewebegreifte verringern es.<\/p>\n<p><strong>Wie kann die Nasenstruktur nach der OP gest\u00e4rkt werden?<\/strong><br \/>\nSilikon-St\u00fctzen, physikalische Therapie zur Abschwellung, konsequente Nachsorge und gegebenenfalls Knorpelgreifte erhalten Form und Funktion.<\/p>\n","protected":false},"excerpt":{"rendered":"<p>Eine Einsenkung der Nase nach einer Nasenoperation kann auftreten, wenn zu viel Gewebe entfernt oder die Stabilit\u00e4t der Strukturen nicht ausreichend gesichert wurde. Betroffene bemerken dies oft an einer eingefallenen Nasenbr\u00fccke oder einer ver\u00e4nderten Nasenspitze. Neben \u00e4sthetischen Problemen kann auch die Nasenatmung beeintr\u00e4chtigt sein. Die Korrektur erfordert in der Regel eine erneute Operation mit Knorpeltransplantaten, [&#8230;]\n","protected":false},"author":990002,"featured_media":3124,"comment_status":"closed","ping_status":"open","sticky":false,"template":"","format":"standard","meta":{"footnotes":""},"categories":[78],"tags":[],"class_list":["post-9947","post","type-post","status-publish","format-standard","has-post-thumbnail","hentry","category-nasen-op"],"_links":{"self":[{"href":"https:\/\/www.alevcamcioglu.com\/de\/wp-json\/wp\/v2\/posts\/9947","targetHints":{"allow":["GET"]}}],"collection":[{"href":"https:\/\/www.alevcamcioglu.com\/de\/wp-json\/wp\/v2\/posts"}],"about":[{"href":"https:\/\/www.alevcamcioglu.com\/de\/wp-json\/wp\/v2\/types\/post"}],"author":[{"embeddable":true,"href":"https:\/\/www.alevcamcioglu.com\/de\/wp-json\/wp\/v2\/users\/990002"}],"replies":[{"embeddable":true,"href":"https:\/\/www.alevcamcioglu.com\/de\/wp-json\/wp\/v2\/comments?post=9947"}],"version-history":[{"count":2,"href":"https:\/\/www.alevcamcioglu.com\/de\/wp-json\/wp\/v2\/posts\/9947\/revisions"}],"predecessor-version":[{"id":10691,"href":"https:\/\/www.alevcamcioglu.com\/de\/wp-json\/wp\/v2\/posts\/9947\/revisions\/10691"}],"wp:featuredmedia":[{"embeddable":true,"href":"https:\/\/www.alevcamcioglu.com\/de\/wp-json\/wp\/v2\/media\/3124"}],"wp:attachment":[{"href":"https:\/\/www.alevcamcioglu.com\/de\/wp-json\/wp\/v2\/media?parent=9947"}],"wp:term":[{"taxonomy":"category","embeddable":true,"href":"https:\/\/www.alevcamcioglu.com\/de\/wp-json\/wp\/v2\/categories?post=9947"},{"taxonomy":"post_tag","embeddable":true,"href":"https:\/\/www.alevcamcioglu.com\/de\/wp-json\/wp\/v2\/tags?post=9947"}],"curies":[{"name":"wp","href":"https:\/\/api.w.org\/{rel}","templated":true}]}}