{"id":9894,"date":"2024-07-29T07:27:24","date_gmt":"2024-07-29T07:27:24","guid":{"rendered":"https:\/\/www.alevcamcioglu.com\/?p=9894"},"modified":"2025-08-27T19:04:48","modified_gmt":"2025-08-27T19:04:48","slug":"ist-eine-nasen-op-waehrend-der-stillzeit-moeglich","status":"publish","type":"post","link":"https:\/\/www.alevcamcioglu.com\/de\/ist-eine-nasen-op-waehrend-der-stillzeit-moeglich\/","title":{"rendered":"Ist eine Nasen-OP w\u00e4hrend der Stillzeit m\u00f6glich?"},"content":{"rendered":"<p><span style=\"font-weight: 400;\">Eine Nasenoperation w\u00e4hrend der Stillzeit wird nicht empfohlen. Medikamente, An\u00e4sthetika und Schmerzmittel k\u00f6nnen in die Muttermilch \u00fcbergehen und das Kind belasten.<\/span><\/p>\n<p><span style=\"font-weight: 400;\">Auch der k\u00f6rperliche Stress einer Operation kann die Milchproduktion beeinflussen und die Genesung der Mutter erschweren.<\/span><\/p>\n<p><span style=\"font-weight: 400;\">\u00c4rzte raten, mit der Operation bis nach dem Abstillen zu warten, um Risiken f\u00fcr Mutter und Kind zu vermeiden. Eine genaue Planung mit dem Facharzt ist wichtig.<\/span><\/p>\n<p><span style=\"font-weight: 400;\">Nach Abschluss der Stillzeit kann die Nasenoperation sicher durchgef\u00fchrt werden, sofern die allgemeine Gesundheit der Patientin stabil ist.<\/span><\/p>\n<p>\\\n\t<section class=\"section\" id=\"section_348383037\">\n\t\t<div class=\"section-bg fill\" >\n\t\t\t\t\t\t\t\t\t\n\t\t\t\n\n\t\t<\/div>\n\n\t\t\n\n\t\t<div class=\"section-content relative\">\n\t\t\t\n\n<div class=\"row\"  id=\"row-2050145787\">\n\n\n\t<div id=\"col-1350540443\" class=\"col small-12 large-12\"  >\n\t\t\t\t<div class=\"col-inner box-shadow-2\"  >\n\t\t\t\n\t\t\t\n\n<div class=\"row\"  id=\"row-1251341110\">\n\n\n\t<div id=\"col-624875345\" class=\"col show-for-small medium-3 small-12 large-3\"  >\n\t\t\t\t<div class=\"col-inner\"  >\n\t\t\t\n\t\t\t\n\n\t<div class=\"img has-hover x md-x lg-x y md-y lg-y\" id=\"image_925146615\">\n\t\t\t\t\t\t\t\t<div class=\"img-inner dark\" >\n\t\t\t<img decoding=\"async\" width=\"1231\" height=\"1280\" src=\"https:\/\/www.alevcamcioglu.com\/wp-content\/uploads\/2024\/10\/galeri61.webp\" class=\"attachment-2048x2048 size-2048x2048\" alt=\"Br\u00fcnette Frau vor und nach der Nasenkorrektur\" srcset=\"https:\/\/www.alevcamcioglu.com\/wp-content\/uploads\/2024\/10\/galeri61.webp 1231w, https:\/\/www.alevcamcioglu.com\/wp-content\/uploads\/2024\/10\/galeri61-385x400.webp 385w, https:\/\/www.alevcamcioglu.com\/wp-content\/uploads\/2024\/10\/galeri61-769x800.webp 769w, https:\/\/www.alevcamcioglu.com\/wp-content\/uploads\/2024\/10\/galeri61-768x799.webp 768w\" sizes=\"(max-width: 1231px) 100vw, 1231px\" title=\"\">\t\t\t\t\t\t\n\t\t\t\t\t<\/div>\n\t\t\t\t\t\t\t\t\n<style>\n#image_925146615 {\n  width: 100%;\n}\n<\/style>\n\t<\/div>\n\t\n\n\n\t\t<\/div>\n\t\t\t\t\n<style>\n#col-624875345 > .col-inner {\n  border-radius: 20px;\n}\n<\/style>\n\t<\/div>\n\n\t\n\n\t<div id=\"col-1888297717\" class=\"col whatsapp-alani hide-for-small medium-3 small-12 large-3\"  >\n\t\t\t\t<div class=\"col-inner box-shadow-2\" style=\"background-color:rgb(37, 211, 102);\" >\n\t\t\t\n\t\t\t\n\n\t<div id=\"text-625712018\" class=\"text\">\n\t\t\n\n<div><a href=\"https:\/\/api.whatsapp.com\/send\/?phone=905324776496&amp;text=Merhaba%2C+https%3A%2F%2Fwww.alevcamcioglu.com%2F+adresinden+size+ula%C5%9F%C4%B1yorum.&amp;type=phone_number&amp;app_absent=0\"><span style=\"color: #ffffff;\">7\/24 WhatsApp<\/span>\r\n<span style=\"color: #ffffff;\">Jetzt <strong>klicken<\/strong>!<\/span><\/a><\/div>\n\t\t\n<style>\n#text-625712018 {\n  font-size: 1.5rem;\n  text-align: center;\n}\n<\/style>\n\t<\/div>\n\t\n\n\t\t<\/div>\n\t\t\t\t\n<style>\n#col-1888297717 > .col-inner {\n  padding: 20px 0px 22px 0px;\n  margin: 0px 0px -31px 0px;\n}\n<\/style>\n\t<\/div>\n\n\t\n\n\t<div id=\"col-197089179\" class=\"col show-for-small medium-3 small-12 large-3\"  >\n\t\t\t\t<div class=\"col-inner box-shadow-2\" style=\"background-color:rgb(37, 211, 102);\" >\n\t\t\t\n\t\t\t\n\n\t<div id=\"text-1947735140\" class=\"text\">\n\t\t\n\n<div><a href=\"https:\/\/api.whatsapp.com\/send\/?phone=905324776496&amp;text=Merhaba%2C+https%3A%2F%2Fwww.alevcamcioglu.com%2F+adresinden+size+ula%C5%9F%C4%B1yorum.&amp;type=phone_number&amp;app_absent=0\"><span style=\"color: #ffffff;\">7\/24 WhatsApp Jetzt <strong>klicken<\/strong>! <\/span><\/a><\/div>\n\t\t\n<style>\n#text-1947735140 {\n  font-size: 1.5rem;\n  text-align: center;\n}\n<\/style>\n\t<\/div>\n\t\n\n\t\t<\/div>\n\t\t\t\t\n<style>\n#col-197089179 > .col-inner {\n  padding: 10px 10px 10px 10px;\n  margin: 0px 0px 0px 0px;\n  border-radius: 100px;\n}\n@media (min-width:550px) {\n  #col-197089179 > .col-inner {\n    padding: 40px 0px 30px 0px;\n    margin: 0px 0px -40px 0px;\n  }\n}\n<\/style>\n\t<\/div>\n\n\t\n\n\t<div id=\"col-1292288620\" class=\"col medium-9 small-12 large-9\"  >\n\t\t\t\t<div class=\"col-inner text-left\"  >\n\t\t\t\n\t<div class=\"is-border\"\n\t\tstyle=\"border-width:0px 0px 0px 0px;margin:0px 0px 0px 0px;\">\n\t<\/div>\n\t\t\t\n\n<div class=\"row\"  id=\"row-933913039\">\n\n\n\t<div id=\"col-227831887\" class=\"col small-12 large-12\"  >\n\t\t\t\t<div class=\"col-inner\"  >\n\t\t\t\n\t\t\t\n\n\n<div class=\"wpcf7 no-js\" id=\"wpcf7-f1469-o1\" lang=\"de-DE\" dir=\"ltr\" data-wpcf7-id=\"1469\">\n<div class=\"screen-reader-response\"><p role=\"status\" aria-live=\"polite\" aria-atomic=\"true\"><\/p> <ul><\/ul><\/div>\n<form action=\"\/de\/wp-json\/wp\/v2\/posts\/9894#wpcf7-f1469-o1\" method=\"post\" class=\"wpcf7-form init\" aria-label=\"Kontaktformular\" novalidate=\"novalidate\" data-status=\"init\">\n<fieldset class=\"hidden-fields-container\"><input type=\"hidden\" name=\"_wpcf7\" value=\"1469\" \/><input type=\"hidden\" name=\"_wpcf7_version\" value=\"6.1.5\" \/><input type=\"hidden\" name=\"_wpcf7_locale\" value=\"de_DE\" \/><input type=\"hidden\" name=\"_wpcf7_unit_tag\" value=\"wpcf7-f1469-o1\" \/><input type=\"hidden\" name=\"_wpcf7_container_post\" value=\"0\" \/><input type=\"hidden\" name=\"_wpcf7_posted_data_hash\" value=\"\" \/>\n<\/fieldset>\n<div class=\"sp-form\">\n\t<div class=\"col-row\">\n\t\t<div class=\"col-quarter\">\n\t\t\t<p><span class=\"wpcf7-form-control-wrap\" data-name=\"text-340\"><input size=\"40\" maxlength=\"400\" class=\"wpcf7-form-control wpcf7-text wpcf7-validates-as-required\" autocomplete=\"name\" aria-required=\"true\" aria-invalid=\"false\" placeholder=\"Name\" value=\"\" type=\"text\" name=\"text-340\" \/><\/span>\n\t\t\t<\/p>\n\t\t<\/div>\n\t\t<div class=\"col-quarter\">\n\t\t\t<p><span class=\"wpcf7-form-control-wrap\" data-name=\"tel-10\"><input size=\"40\" maxlength=\"400\" class=\"wpcf7-form-control wpcf7-tel wpcf7-validates-as-required wpcf7-text wpcf7-validates-as-tel\" autocomplete=\"name\" aria-required=\"true\" aria-invalid=\"false\" placeholder=\"Telefon\" value=\"\" type=\"tel\" name=\"tel-10\" \/><\/span>\n\t\t\t<\/p>\n\t\t<\/div>\n\t\t<div class=\"col-quarter\">\n\t\t\t<p><span class=\"wpcf7-form-control-wrap\" data-name=\"email-563\"><input size=\"40\" maxlength=\"400\" class=\"wpcf7-form-control wpcf7-email wpcf7-validates-as-required wpcf7-text wpcf7-validates-as-email\" autocomplete=\"name\" aria-required=\"true\" aria-invalid=\"false\" placeholder=\"E-Mail\" value=\"\" type=\"email\" name=\"email-563\" \/><\/span>\n\t\t\t<\/p>\n\t\t<\/div>\n\t\t<div class=\"col-quarter\">\n\t\t\t<p><input class=\"wpcf7-form-control wpcf7-submit has-spinner\" type=\"submit\" value=\"EINREICHEN\" \/>\n\t\t\t<\/p>\n\t\t<\/div>\n\t<\/div>\n<\/div><p style=\"display: none !important;\" class=\"akismet-fields-container\" data-prefix=\"_wpcf7_ak_\"><label>&#916;<textarea name=\"_wpcf7_ak_hp_textarea\" cols=\"45\" rows=\"8\" maxlength=\"100\"><\/textarea><\/label><input type=\"hidden\" id=\"ak_js_1\" name=\"_wpcf7_ak_js\" value=\"155\"\/><script type=\"text\/javascript\">\n\/* <![CDATA[ *\/\ndocument.getElementById( \"ak_js_1\" ).setAttribute( \"value\", ( new Date() ).getTime() );\n\/* ]]> *\/\n<\/script>\n<\/p><div class=\"wpcf7-response-output\" aria-hidden=\"true\"><\/div>\n<\/form>\n<\/div>\n\n\n\n\t\t<\/div>\n\t\t\t\t\n<style>\n#col-227831887 > .col-inner {\n  margin: 0px 0px -70px 0px;\n}\n<\/style>\n\t<\/div>\n\n\t\n\n\t<div id=\"col-1872581812\" class=\"col small-12 large-12\"  >\n\t\t\t\t<div class=\"col-inner\"  >\n\t\t\t\n\t\t\t\n\n\t<div id=\"text-384143389\" class=\"text\">\n\t\t\n\n<p><span style=\"font-size: 50%;\">Wir empfehlen, alle Felder auszuf\u00fcllen, damit wir Sie bez\u00fcglich * bestm\u00f6glich kontaktieren k\u00f6nnen.<\/span><\/p>\n\t\t\n<style>\n#text-384143389 {\n  font-size: 1.15rem;\n  line-height: 0.75;\n}\n<\/style>\n\t<\/div>\n\t\n\n\t\t<\/div>\n\t\t\t\t\n<style>\n#col-1872581812 > .col-inner {\n  margin: 0px 0px -40px 0px;\n}\n<\/style>\n\t<\/div>\n\n\t\n\n<\/div>\n\n\t\t<\/div>\n\t\t\t\t\n<style>\n#col-1292288620 > .col-inner {\n  padding: 0px 0px 0px 0px;\n  margin: 0px 0px -20px 0px;\n}\n@media (min-width:550px) {\n  #col-1292288620 > .col-inner {\n    padding: 20px 0px 0px 0px;\n    margin: 0px 0px -66px 0px;\n  }\n}\n<\/style>\n\t<\/div>\n\n\t\n\n<\/div>\n\n\t\t<\/div>\n\t\t\t\t\n<style>\n#col-1350540443 > .col-inner {\n  padding: 30px 10px 0px 10px;\n  border-radius: 30px;\n}\n@media (min-width:550px) {\n  #col-1350540443 > .col-inner {\n    padding: 0px 20px 0px 0px;\n  }\n}\n<\/style>\n\t<\/div>\n\n\t\n\n<\/div>\n\n\t\t<\/div>\n\n\t\t\n<style>\n#section_348383037 {\n  padding-top: 30px;\n  padding-bottom: 30px;\n}\n<\/style>\n\t<\/section>\n\t\n<div id=\"ez-toc-container\" class=\"ez-toc-v2_0_82_2 counter-hierarchy ez-toc-counter ez-toc-grey ez-toc-container-direction\">\n<div class=\"ez-toc-title-container\">\n<p class=\"ez-toc-title\" style=\"cursor:inherit\">Inhaltsverzeichnis<\/p>\n<span class=\"ez-toc-title-toggle\"><a href=\"#\" class=\"ez-toc-pull-right ez-toc-btn ez-toc-btn-xs ez-toc-btn-default ez-toc-toggle\" aria-label=\"Toggle Table of Content\"><span class=\"ez-toc-js-icon-con\"><span class=\"\"><span class=\"eztoc-hide\" style=\"display:none;\">Toggle<\/span><span class=\"ez-toc-icon-toggle-span\"><svg style=\"fill: #999;color:#999\" xmlns=\"http:\/\/www.w3.org\/2000\/svg\" class=\"list-377408\" width=\"20px\" height=\"20px\" viewBox=\"0 0 24 24\" fill=\"none\"><path d=\"M6 6H4v2h2V6zm14 0H8v2h12V6zM4 11h2v2H4v-2zm16 0H8v2h12v-2zM4 16h2v2H4v-2zm16 0H8v2h12v-2z\" fill=\"currentColor\"><\/path><\/svg><svg style=\"fill: #999;color:#999\" class=\"arrow-unsorted-368013\" xmlns=\"http:\/\/www.w3.org\/2000\/svg\" width=\"10px\" height=\"10px\" viewBox=\"0 0 24 24\" version=\"1.2\" baseProfile=\"tiny\"><path d=\"M18.2 9.3l-6.2-6.3-6.2 6.3c-.2.2-.3.4-.3.7s.1.5.3.7c.2.2.4.3.7.3h11c.3 0 .5-.1.7-.3.2-.2.3-.5.3-.7s-.1-.5-.3-.7zM5.8 14.7l6.2 6.3 6.2-6.3c.2-.2.3-.5.3-.7s-.1-.5-.3-.7c-.2-.2-.4-.3-.7-.3h-11c-.3 0-.5.1-.7.3-.2.2-.3.5-.3.7s.1.5.3.7z\"\/><\/svg><\/span><\/span><\/span><\/a><\/span><\/div>\n<nav><ul class='ez-toc-list ez-toc-list-level-1 ' ><li class='ez-toc-page-1 ez-toc-heading-level-2'><a class=\"ez-toc-link ez-toc-heading-1\" href=\"https:\/\/www.alevcamcioglu.com\/de\/ist-eine-nasen-op-waehrend-der-stillzeit-moeglich\/#Wie_beeinflusst_der_Heilungsprozess_nach_einer_Nasen-OP_in_der_Stillzeit\" >Wie beeinflusst der Heilungsprozess nach einer Nasen-OP in der Stillzeit?<\/a><\/li><li class='ez-toc-page-1 ez-toc-heading-level-2'><a class=\"ez-toc-link ez-toc-heading-2\" href=\"https:\/\/www.alevcamcioglu.com\/de\/ist-eine-nasen-op-waehrend-der-stillzeit-moeglich\/#Schadet_eine_Nasen-OP_in_der_Stillzeit_dem_Baby\" >Schadet eine Nasen-OP in der Stillzeit dem Baby?<\/a><\/li><li class='ez-toc-page-1 ez-toc-heading-level-2'><a class=\"ez-toc-link ez-toc-heading-3\" href=\"https:\/\/www.alevcamcioglu.com\/de\/ist-eine-nasen-op-waehrend-der-stillzeit-moeglich\/#Beeinflusst_eine_Nasen-OP_in_der_Stillzeit_die_Milchproduktion\" >Beeinflusst eine Nasen-OP in der Stillzeit die Milchproduktion?<\/a><\/li><li class='ez-toc-page-1 ez-toc-heading-level-2'><a class=\"ez-toc-link ez-toc-heading-4\" href=\"https:\/\/www.alevcamcioglu.com\/de\/ist-eine-nasen-op-waehrend-der-stillzeit-moeglich\/#Welche_Anaesthesieverfahren_sind_fuer_eine_Nasen-OP_in_der_Stillzeit_geeignet\" >Welche An\u00e4sthesieverfahren sind f\u00fcr eine Nasen-OP in der Stillzeit geeignet?<\/a><\/li><li class='ez-toc-page-1 ez-toc-heading-level-2'><a class=\"ez-toc-link ez-toc-heading-5\" href=\"https:\/\/www.alevcamcioglu.com\/de\/ist-eine-nasen-op-waehrend-der-stillzeit-moeglich\/#Haeufig_gestellte_Fragen\" >H\u00e4ufig gestellte Fragen<\/a><\/li><\/ul><\/nav><\/div>\n<h2><span class=\"ez-toc-section\" id=\"Wie_beeinflusst_der_Heilungsprozess_nach_einer_Nasen-OP_in_der_Stillzeit\"><\/span>Wie beeinflusst der Heilungsprozess nach einer Nasen-OP in der Stillzeit?<span class=\"ez-toc-section-end\"><\/span><\/h2>\n<p>Der Heilungsprozess nach einer <a href=\"https:\/\/www.alevcamcioglu.com\/burun-estetigi\/\">Nasen-OP<\/a> w\u00e4hrend der Stillzeit kann je nach mehreren wichtigen Faktoren variieren. Vor allem in Bezug auf An\u00e4sthesie und Medikamenteneinsatz ist eine sorgf\u00e4ltige Planung erforderlich. Die w\u00e4hrend der Operation und danach eingesetzten An\u00e4sthetika und Schmerzmittel k\u00f6nnen in die Muttermilch \u00fcbergehen und bergen potenzielle Risiken f\u00fcr das Baby. Die Mutter sollte vor dem Eingriff ausreichend Milch abpumpen und lagern, um die Ern\u00e4hrung des Babys nach der Operation sicherzustellen.<\/p>\n<p>W\u00e4hrend der Heilungsphase muss die Nase gesch\u00fctzt werden, um potenzielle Gefahren wie pl\u00f6tzliche Bewegungen des Babys zu vermeiden. Ein Trauma der Nase kann den Heilungsprozess negativ beeinflussen. Auch das Timing des Eingriffs ist entscheidend: Einige Monate nach dem Ende der Stillzeit ist der hormonelle und k\u00f6rperliche Zustand der Mutter stabiler, was die Wirkung von An\u00e4sthetika und anderen Medikamenten minimiert.<\/p>\n<p>Um den optimalen Heilungsplan f\u00fcr Mutter und Kind zu erstellen, sollten umfassende Konsultationen mit Fachkr\u00e4ften erfolgen. Die Empfehlungen der plastischen Chirurgin bzw. des plastischen Chirurgen sowie der Kinder\u00e4rztin bzw. des Kinderarztes dienen in diesem Prozess als wichtige Leitlinien.<\/p>\n<h2><span class=\"ez-toc-section\" id=\"Schadet_eine_Nasen-OP_in_der_Stillzeit_dem_Baby\"><\/span>Schadet eine Nasen-OP in der Stillzeit dem Baby?<span class=\"ez-toc-section-end\"><\/span><\/h2>\n<p>Eine Nasen-OP w\u00e4hrend der Stillzeit birgt gewisse Risiken. Die M\u00f6glichkeit, dass An\u00e4sthetika und Schmerzmittel in die Muttermilch \u00fcbergehen, ist f\u00fcr stillende M\u00fctter eine bedeutende Sorge. Diese Substanzen k\u00f6nnen im K\u00f6rper des Babys unerw\u00fcnschte Effekte hervorrufen, weshalb bei einer Operation w\u00e4hrend der Stillphase gr\u00f6\u00dfte Vorsicht geboten ist.<\/p>\n<p><strong>An\u00e4sthesie:<\/strong><\/p>\n<ul>\n<li aria-level=\"1\">An\u00e4sthetika k\u00f6nnen h\u00e4ufig \u00fcber die Milch auf das Baby \u00fcbertragen werden und dort kurzfristige Reaktionen hervorrufen.<\/li>\n<\/ul>\n<p><strong>Schmerzmittel:<\/strong><\/p>\n<ul>\n<li aria-level=\"1\">Morphin und Hydromorphon k\u00f6nnen selbst in niedrigen Dosen in der Milch nachweisbar sein.<\/li>\n<li aria-level=\"1\">Der Einsatz von Meperidin wird nicht empfohlen, da es bei Babys zu Atemdepression f\u00fchren kann.<\/li>\n<\/ul>\n<p>Das Abpumpen von Muttermilch vor der Operation ist eine wichtige Methode, um w\u00e4hrend der Spitzenkonzentration der Medikamente eine Stillpause einzulegen.<\/p>\n<h2><span class=\"ez-toc-section\" id=\"Beeinflusst_eine_Nasen-OP_in_der_Stillzeit_die_Milchproduktion\"><\/span>Beeinflusst eine Nasen-OP in der Stillzeit die Milchproduktion?<span class=\"ez-toc-section-end\"><\/span><\/h2>\n<p>Eine Nasen-OP w\u00e4hrend der Stillzeit wirkt sich nicht direkt auf die Milchproduktion aus. Allerdings k\u00f6nnen der Stress durch den chirurgischen Eingriff und der anschlie\u00dfende Heilungsprozess die Milchmenge indirekt verringern, indem sie die laktationsf\u00f6rdernden Hormone negativ beeinflussen. Folgende Ma\u00dfnahmen k\u00f6nnen helfen, diesen Effekt abzumildern:<\/p>\n<ul>\n<li aria-level=\"1\">Ausreichend Ruhe<\/li>\n<li aria-level=\"1\">Viel Fl\u00fcssigkeitszufuhr<\/li>\n<li aria-level=\"1\">Psychologische Unterst\u00fctzung<\/li>\n<\/ul>\n<h2><span class=\"ez-toc-section\" id=\"Welche_Anaesthesieverfahren_sind_fuer_eine_Nasen-OP_in_der_Stillzeit_geeignet\"><\/span>Welche An\u00e4sthesieverfahren sind f\u00fcr eine Nasen-OP in der Stillzeit geeignet?<span class=\"ez-toc-section-end\"><\/span><\/h2>\n<p>F\u00fcr stillende M\u00fctter, die eine Nasen-OP planen, ist die Wahl des An\u00e4sthesieverfahrens von gro\u00dfer Bedeutung. Die An\u00e4sthesietechnik sollte sowohl die Gesundheit der Mutter als auch die des Babys sch\u00fctzen und eine geringe Passage in die Muttermilch aufweisen.<\/p>\n<p><strong>Regionale An\u00e4sthesie:<\/strong><\/p>\n<ul>\n<li aria-level=\"1\">Wird beispielsweise \u00fcber Nervenblockaden durchgef\u00fchrt.<\/li>\n<li aria-level=\"1\">Minimiert den Bedarf an Schmerz- und Beruhigungsmitteln.<\/li>\n<li aria-level=\"1\">Reduziert das Risiko f\u00fcr das gestillte Baby.<\/li>\n<\/ul>\n<p><strong>Multimodale Analgesie:<\/strong><\/p>\n<ul>\n<li aria-level=\"1\">Kombiniert verschiedene Schmerzbehandlungsmethoden.<\/li>\n<li aria-level=\"1\">Verringert den systemischen Medikamenteneinsatz und ist damit sicherer f\u00fcr das Baby.<\/li>\n<\/ul>\n<p>Wenn eine Vollnarkose unvermeidlich ist, kann sie bei stillenden M\u00fcttern unter geeigneten Bedingungen durchgef\u00fchrt werden. Die meisten An\u00e4sthetika haben eine kurze Halbwertszeit und eine geringe orale Bioverf\u00fcgbarkeit, sodass sie das Baby kaum beeintr\u00e4chtigen. In der Regel kann die Mutter nach dem Erwachen sofort weiterstillen.<\/p>\n<p><strong>Vermeidung lang wirksamer Opioide:<\/strong><\/p>\n<ul>\n<li aria-level=\"1\"><a href=\"https:\/\/www.asahq.org\/standards-and-practice-parameters\/statement-on-resuming-breastfeeding-after-anesthesia\" target=\"_blank\" rel=\"noopener\">Kurz wirksame Opioide werden bevorzugt<\/a>.<\/li>\n<li aria-level=\"1\">Nicht-opioide Schmerztherapien werden empfohlen.<\/li>\n<\/ul>\n<p>F\u00fcr eine optimale Schmerztherapie und das Fortsetzen des Stillens sind eine engmaschige Kontrolle und angemessene Unterst\u00fctzung erforderlich.<\/p>\n<h2><span class=\"ez-toc-section\" id=\"Haeufig_gestellte_Fragen\"><\/span>H\u00e4ufig gestellte Fragen<span class=\"ez-toc-section-end\"><\/span><\/h2>\n<p><strong>Kann w\u00e4hrend der Stillzeit eine Nasen-OP durchgef\u00fchrt werden?<\/strong><\/p>\n<p>Grunds\u00e4tzlich wird eine Nasen-OP in der Stillzeit nicht empfohlen, da An\u00e4sthesie und operative Medikamente die Zusammensetzung der Muttermilch ver\u00e4ndern und das Baby beeinflussen k\u00f6nnen. Wenn der Eingriff dennoch erforderlich ist, sollte in Absprache mit Fachkr\u00e4ften ein sicherer Plan f\u00fcr Mutter und Kind erstellt werden.<\/p>\n<p><strong>Beeinflussen die w\u00e4hrend der Operation verwendeten Medikamente die Milchproduktion?<\/strong><\/p>\n<p>Die bei einer Nasen-OP eingesetzten An\u00e4sthetika und Schmerzmittel k\u00f6nnen den Inhalt der Muttermilch ver\u00e4ndern. Daher wird empfohlen, elektive Eingriffe nach der exklusiven Stillphase zu planen. Ist die Operation notwendig, k\u00f6nnen M\u00fctter vorab Milch abpumpen und einfrieren, da die Wirkung der An\u00e4sthesie in der Regel innerhalb von acht Stunden abklingt.<\/p>\n<p><strong>Wie verl\u00e4uft der Heilungsprozess nach einer Nasen-OP in der Stillzeit?<\/strong><\/p>\n<p>Der Heilungsverlauf sollte sorgf\u00e4ltig geplant werden, da die w\u00e4hrend der Operation verwendeten Medikamente das Stillen beeinflussen k\u00f6nnen. Es ist ratsam, vor dem Eingriff Milch zu sammeln, um das Baby w\u00e4hrend der Genesung zu versorgen. Zudem kann Unterst\u00fctzung n\u00f6tig sein, um versehentliche St\u00f6\u00dfe gegen die Nase zu vermeiden.<\/p>\n<p><strong>Wie wird die Gesundheit des Babys nach der Operation gesch\u00fctzt?<\/strong><\/p>\n<p>Falls eine Nasen-OP w\u00e4hrend der Stillzeit unumg\u00e4nglich ist, zeigen Richtlinien der American Society of Anesthesiologists, dass An\u00e4sthetika nur in geringen Mengen in die Muttermilch gelangen. Stillen ist daher m\u00f6glich, sobald die Mutter wach und bereit ist. Es ist dennoch wichtig, die Chirurgin bzw. den Chirurgen \u00fcber das Stillen zu informieren und eventuell vor der Operation Milch zu sammeln.<\/p>\n<p><strong>Welche Vor- und Nachteile hat eine \u00e4sthetische Operation in der Stillzeit?<\/strong><\/p>\n<p>Eine Nasen-OP in der Stillzeit kann Risiken bergen, da operative Medikamente das Stillen beeintr\u00e4chtigen und die Genesung die Betreuung des Babys erschweren kann. Daher ist es meist ratsam, elektive Eingriffe nach dem Ende der Stillzeit zu planen. Vor jeder Entscheidung sollte eine Beratung mit medizinischen Fachkr\u00e4ften erfolgen.<\/p>\n","protected":false},"excerpt":{"rendered":"<p>Eine Nasenoperation w\u00e4hrend der Stillzeit wird nicht empfohlen. Medikamente, An\u00e4sthetika und Schmerzmittel k\u00f6nnen in die Muttermilch \u00fcbergehen und das Kind belasten. Auch der k\u00f6rperliche Stress einer Operation kann die Milchproduktion beeinflussen und die Genesung der Mutter erschweren. \u00c4rzte raten, mit der Operation bis nach dem Abstillen zu warten, um Risiken f\u00fcr Mutter und Kind zu [&#8230;]\n","protected":false},"author":990002,"featured_media":3148,"comment_status":"closed","ping_status":"open","sticky":false,"template":"","format":"standard","meta":{"footnotes":""},"categories":[78],"tags":[],"class_list":["post-9894","post","type-post","status-publish","format-standard","has-post-thumbnail","hentry","category-nasen-op"],"_links":{"self":[{"href":"https:\/\/www.alevcamcioglu.com\/de\/wp-json\/wp\/v2\/posts\/9894","targetHints":{"allow":["GET"]}}],"collection":[{"href":"https:\/\/www.alevcamcioglu.com\/de\/wp-json\/wp\/v2\/posts"}],"about":[{"href":"https:\/\/www.alevcamcioglu.com\/de\/wp-json\/wp\/v2\/types\/post"}],"author":[{"embeddable":true,"href":"https:\/\/www.alevcamcioglu.com\/de\/wp-json\/wp\/v2\/users\/990002"}],"replies":[{"embeddable":true,"href":"https:\/\/www.alevcamcioglu.com\/de\/wp-json\/wp\/v2\/comments?post=9894"}],"version-history":[{"count":2,"href":"https:\/\/www.alevcamcioglu.com\/de\/wp-json\/wp\/v2\/posts\/9894\/revisions"}],"predecessor-version":[{"id":10695,"href":"https:\/\/www.alevcamcioglu.com\/de\/wp-json\/wp\/v2\/posts\/9894\/revisions\/10695"}],"wp:featuredmedia":[{"embeddable":true,"href":"https:\/\/www.alevcamcioglu.com\/de\/wp-json\/wp\/v2\/media\/3148"}],"wp:attachment":[{"href":"https:\/\/www.alevcamcioglu.com\/de\/wp-json\/wp\/v2\/media?parent=9894"}],"wp:term":[{"taxonomy":"category","embeddable":true,"href":"https:\/\/www.alevcamcioglu.com\/de\/wp-json\/wp\/v2\/categories?post=9894"},{"taxonomy":"post_tag","embeddable":true,"href":"https:\/\/www.alevcamcioglu.com\/de\/wp-json\/wp\/v2\/tags?post=9894"}],"curies":[{"name":"wp","href":"https:\/\/api.w.org\/{rel}","templated":true}]}}