{"id":9888,"date":"2024-07-08T12:21:32","date_gmt":"2024-07-08T12:21:32","guid":{"rendered":"https:\/\/www.alevcamcioglu.com\/?p=9888"},"modified":"2025-08-27T18:22:11","modified_gmt":"2025-08-27T18:22:11","slug":"verformt-sich-die-nase-jahre-nach-einer-nasen-op","status":"publish","type":"post","link":"https:\/\/www.alevcamcioglu.com\/de\/verformt-sich-die-nase-jahre-nach-einer-nasen-op\/","title":{"rendered":"Verformt sich die Nase Jahre nach einer Nasen-OP?"},"content":{"rendered":"<p><span style=\"font-weight: 400;\">Eine Nase kann sich auch Jahre nach einer Operation noch leicht ver\u00e4ndern, da Gewebealterung und Hautver\u00e4nderungen nat\u00fcrliche Prozesse sind.<\/span><\/p>\n<p><span style=\"font-weight: 400;\">In seltenen F\u00e4llen k\u00f6nnen sich durch Narbenbildung oder strukturelle Instabilit\u00e4t nach Jahren asymmetrische Ver\u00e4nderungen zeigen.<\/span><\/p>\n<p><span style=\"font-weight: 400;\">Die meisten Patienten behalten jedoch eine stabile Nasenform, wenn die Operation fachgerecht durchgef\u00fchrt wurde und die Heilung problemlos verlief.<\/span><\/p>\n<p><span style=\"font-weight: 400;\">Regelm\u00e4\u00dfige \u00e4rztliche Nachkontrollen sind empfehlenswert, um eventuelle Sp\u00e4tver\u00e4nderungen fr\u00fchzeitig zu erkennen und bei Bedarf zu korrigieren.<\/span><\/p>\n<div id=\"ez-toc-container\" class=\"ez-toc-v2_0_82_2 counter-hierarchy ez-toc-counter ez-toc-grey ez-toc-container-direction\">\n<div class=\"ez-toc-title-container\">\n<p class=\"ez-toc-title\" style=\"cursor:inherit\">Inhaltsverzeichnis<\/p>\n<span class=\"ez-toc-title-toggle\"><a href=\"#\" class=\"ez-toc-pull-right ez-toc-btn ez-toc-btn-xs ez-toc-btn-default ez-toc-toggle\" aria-label=\"Toggle Table of Content\"><span class=\"ez-toc-js-icon-con\"><span class=\"\"><span class=\"eztoc-hide\" style=\"display:none;\">Toggle<\/span><span class=\"ez-toc-icon-toggle-span\"><svg style=\"fill: #999;color:#999\" xmlns=\"http:\/\/www.w3.org\/2000\/svg\" class=\"list-377408\" width=\"20px\" height=\"20px\" viewBox=\"0 0 24 24\" fill=\"none\"><path d=\"M6 6H4v2h2V6zm14 0H8v2h12V6zM4 11h2v2H4v-2zm16 0H8v2h12v-2zM4 16h2v2H4v-2zm16 0H8v2h12v-2z\" fill=\"currentColor\"><\/path><\/svg><svg style=\"fill: #999;color:#999\" class=\"arrow-unsorted-368013\" xmlns=\"http:\/\/www.w3.org\/2000\/svg\" width=\"10px\" height=\"10px\" viewBox=\"0 0 24 24\" version=\"1.2\" baseProfile=\"tiny\"><path d=\"M18.2 9.3l-6.2-6.3-6.2 6.3c-.2.2-.3.4-.3.7s.1.5.3.7c.2.2.4.3.7.3h11c.3 0 .5-.1.7-.3.2-.2.3-.5.3-.7s-.1-.5-.3-.7zM5.8 14.7l6.2 6.3 6.2-6.3c.2-.2.3-.5.3-.7s-.1-.5-.3-.7c-.2-.2-.4-.3-.7-.3h-11c-.3 0-.5.1-.7.3-.2.2-.3.5-.3.7s.1.5.3.7z\"\/><\/svg><\/span><\/span><\/span><\/a><\/span><\/div>\n<nav><ul class='ez-toc-list ez-toc-list-level-1 ' ><li class='ez-toc-page-1 ez-toc-heading-level-2'><a class=\"ez-toc-link ez-toc-heading-1\" href=\"https:\/\/www.alevcamcioglu.com\/de\/verformt-sich-die-nase-jahre-nach-einer-nasen-op\/#Aendert_sich_die_Nasenform_nach_einer_Nasen-OP_im_Laufe_der_Jahre\" >\u00c4ndert sich die Nasenform nach einer Nasen-OP im Laufe der Jahre?<\/a><\/li><li class='ez-toc-page-1 ez-toc-heading-level-2'><a class=\"ez-toc-link ez-toc-heading-2\" href=\"https:\/\/www.alevcamcioglu.com\/de\/verformt-sich-die-nase-jahre-nach-einer-nasen-op\/#Bestehen_Risiken_im_hoeheren_Alter_eine_Nasen-OP_durchzufuehren\" >Bestehen Risiken, im h\u00f6heren Alter eine Nasen-OP durchzuf\u00fchren?<\/a><\/li><li class='ez-toc-page-1 ez-toc-heading-level-2'><a class=\"ez-toc-link ez-toc-heading-3\" href=\"https:\/\/www.alevcamcioglu.com\/de\/verformt-sich-die-nase-jahre-nach-einer-nasen-op\/#Wie_haeufig_tritt_ein_Absinken_der_Nasenspitze_nach_einer_Nasen-OP_auf\" >Wie h\u00e4ufig tritt ein Absinken der Nasenspitze nach einer Nasen-OP auf?<\/a><\/li><li class='ez-toc-page-1 ez-toc-heading-level-2'><a class=\"ez-toc-link ez-toc-heading-4\" href=\"https:\/\/www.alevcamcioglu.com\/de\/verformt-sich-die-nase-jahre-nach-einer-nasen-op\/#Wie_beeinflusst_das_Aelterwerden_das_Ergebnis_einer_Nasen-OP\" >Wie beeinflusst das \u00c4lterwerden das Ergebnis einer Nasen-OP?<\/a><\/li><li class='ez-toc-page-1 ez-toc-heading-level-2'><a class=\"ez-toc-link ez-toc-heading-5\" href=\"https:\/\/www.alevcamcioglu.com\/de\/verformt-sich-die-nase-jahre-nach-einer-nasen-op\/#Kommt_es_nach_einer_Nasen-OP_zu_Veraenderungen_an_Knochen_und_Knorpel\" >Kommt es nach einer Nasen-OP zu Ver\u00e4nderungen an Knochen und Knorpel?<\/a><\/li><li class='ez-toc-page-1 ez-toc-heading-level-2'><a class=\"ez-toc-link ez-toc-heading-6\" href=\"https:\/\/www.alevcamcioglu.com\/de\/verformt-sich-die-nase-jahre-nach-einer-nasen-op\/#Wann_ist_eine_Revisions-Nasen-OP_erforderlich\" >Wann ist eine Revisions-Nasen-OP erforderlich?<\/a><\/li><li class='ez-toc-page-1 ez-toc-heading-level-2'><a class=\"ez-toc-link ez-toc-heading-7\" href=\"https:\/\/www.alevcamcioglu.com\/de\/verformt-sich-die-nase-jahre-nach-einer-nasen-op\/#Koennen_Nasenfunktionen_nach_einer_Nasen-OP_beeintraechtigt_sein\" >K\u00f6nnen Nasenfunktionen nach einer Nasen-OP beeintr\u00e4chtigt sein?<\/a><\/li><li class='ez-toc-page-1 ez-toc-heading-level-2'><a class=\"ez-toc-link ez-toc-heading-8\" href=\"https:\/\/www.alevcamcioglu.com\/de\/verformt-sich-die-nase-jahre-nach-einer-nasen-op\/#Wie_laesst_sich_die_Narbenbildung_nach_einer_Nasen-OP_minimieren\" >Wie l\u00e4sst sich die Narbenbildung nach einer Nasen-OP minimieren?<\/a><\/li><li class='ez-toc-page-1 ez-toc-heading-level-2'><a class=\"ez-toc-link ez-toc-heading-9\" href=\"https:\/\/www.alevcamcioglu.com\/de\/verformt-sich-die-nase-jahre-nach-einer-nasen-op\/#Wie_lange_dauert_die_Genesung_nach_einer_Nasen-OP\" >Wie lange dauert die Genesung nach einer Nasen-OP?<\/a><\/li><li class='ez-toc-page-1 ez-toc-heading-level-2'><a class=\"ez-toc-link ez-toc-heading-10\" href=\"https:\/\/www.alevcamcioglu.com\/de\/verformt-sich-die-nase-jahre-nach-einer-nasen-op\/#Haeufig_gestellte_Fragen\" >H\u00e4ufig gestellte Fragen<\/a><\/li><\/ul><\/nav><\/div>\n<h2><span class=\"ez-toc-section\" id=\"Aendert_sich_die_Nasenform_nach_einer_Nasen-OP_im_Laufe_der_Jahre\"><\/span>\u00c4ndert sich die Nasenform nach einer Nasen-OP im Laufe der Jahre?<span class=\"ez-toc-section-end\"><\/span><\/h2>\n<p><a href=\"https:\/\/www.alevcamcioglu.com\/burun-estetigi\/\">Nasen-OP<\/a>-Eingriffe k\u00f6nnen langfristig \u00c4nderungen erfahren, wenn auch meist geringf\u00fcgig. Im ersten Jahr nach dem Eingriff verringert sich die Schwellung, und die Nase nimmt ihre neue Form an. Mit zunehmendem Alter k\u00f6nnen sich jedoch strukturelle Ver\u00e4nderungen einstellen, da die nasalen Gewebe erschlaffen. Diese Faktoren k\u00f6nnen die dauerhafte Form moderat beeinflussen:<\/p>\n<ul>\n<li aria-level=\"1\">Alterungsprozess: Schw\u00e4chung der B\u00e4nder und Knorpel in der Nase.<\/li>\n<li aria-level=\"1\">Narbengewebe: Schrumpfung von postoperativem Gewebe kann die Form ver\u00e4ndern.<\/li>\n<li aria-level=\"1\">Chirurgische Technik: Die verwendeten Methoden bestimmen, wie stabil die Nasenstruktur langfristig bleibt.<\/li>\n<\/ul>\n<h2><span class=\"ez-toc-section\" id=\"Bestehen_Risiken_im_hoeheren_Alter_eine_Nasen-OP_durchzufuehren\"><\/span>Bestehen Risiken, im h\u00f6heren Alter eine Nasen-OP durchzuf\u00fchren?<span class=\"ez-toc-section-end\"><\/span><\/h2>\n<p>Eine Nasen-OP im fortgeschrittenen Alter birgt besondere Risiken. Mit zunehmendem Alter nimmt die Elastizit\u00e4t der Haut ab, was das \u00e4sthetische Ergebnis beeintr\u00e4chtigen kann. Zudem verl\u00e4uft die Heilung langsamer, wodurch Komplikationen wahrscheinlicher werden. Typische Herausforderungen sind:<\/p>\n<ul>\n<li aria-level=\"1\">Eingeschr\u00e4nkte Anpassungsf\u00e4higkeit der Haut an die neue Nasenform.<\/li>\n<li aria-level=\"1\">Verz\u00f6gerte Wundheilung, erh\u00f6hte Infektionsanf\u00e4lligkeit.<\/li>\n<\/ul>\n<p>H\u00e4ufig bestehen zudem Vorerkrankungen wie:<\/p>\n<ul>\n<li aria-level=\"1\">Hypertonie<\/li>\n<li aria-level=\"1\">Diabetes<\/li>\n<li aria-level=\"1\">Herz-Kreislauf-Erkrankungen<\/li>\n<\/ul>\n<p>Diese Faktoren erh\u00f6hen das Risiko w\u00e4hrend Narkose und OP. Eine umfassende medizinische Abkl\u00e4rung und Beratung durch eine erfahrene Fach\u00e4rzt*in ist zwingend erforderlich.<\/p>\n<h2><span class=\"ez-toc-section\" id=\"Wie_haeufig_tritt_ein_Absinken_der_Nasenspitze_nach_einer_Nasen-OP_auf\"><\/span>Wie h\u00e4ufig tritt ein Absinken der Nasenspitze nach einer Nasen-OP auf?<span class=\"ez-toc-section-end\"><\/span><\/h2>\n<p>Ein Absinken der Nasenspitze ist Teil des nat\u00fcrlichen Heilungsverlaufs. Besonders in den ersten sechs Monaten, wenn die Schwellung abnimmt, bewegt sich die Spitze in ihre endg\u00fcltige Position. Die Auspr\u00e4gung h\u00e4ngt ab von:<\/p>\n<ul>\n<li aria-level=\"1\">Chirurgischer Methode (offen oder geschlossen)<\/li>\n<li aria-level=\"1\">Entfernter bzw. umgeformter Knorpelmenge<\/li>\n<li aria-level=\"1\">Individuellem Heilungsverhalten<\/li>\n<\/ul>\n<p>Endg\u00fcltige Resultate k\u00f6nnen erst nach zw\u00f6lf Monaten oder sp\u00e4ter beurteilt werden.<\/p>\n<h2><span class=\"ez-toc-section\" id=\"Wie_beeinflusst_das_Aelterwerden_das_Ergebnis_einer_Nasen-OP\"><\/span>Wie beeinflusst das \u00c4lterwerden das Ergebnis einer Nasen-OP?<span class=\"ez-toc-section-end\"><\/span><\/h2>\n<p>Mit den Jahren nimmt die Hautelastizit\u00e4t ab, St\u00fctzstrukturen lockern sich, und Volumenverluste treten auf. M\u00f6gliche Ver\u00e4nderungen:<\/p>\n<ul>\n<li aria-level=\"1\">Zunehmende Absenkung der Nasenspitze<\/li>\n<li aria-level=\"1\">Formver\u00e4nderungen des Nasenr\u00fcckens<\/li>\n<li aria-level=\"1\">Bildung eines Dorsalh\u00f6ckers oder Volumenverlust<\/li>\n<\/ul>\n<p>Auch funktionelle Aspekte k\u00f6nnen betroffen sein, z.\u00a0B. Atembehinderungen. Kleine Korrekturen k\u00f6nnen erforderlich werden, um \u00c4sthetik und Funktion langfristig zu erhalten.<\/p>\n<h2><span class=\"ez-toc-section\" id=\"Kommt_es_nach_einer_Nasen-OP_zu_Veraenderungen_an_Knochen_und_Knorpel\"><\/span>Kommt es nach einer Nasen-OP zu Ver\u00e4nderungen an Knochen und Knorpel?<span class=\"ez-toc-section-end\"><\/span><\/h2>\n<p>Die bei der Nasen-OP vorgenommenen Modifikationen an Knochen und Knorpel sind dauerhaft. W\u00e4hrend der Heilung:<\/p>\n<ul>\n<li aria-level=\"1\">Reduzieren sich anf\u00e4ngliche Schwellungen und H\u00e4matome.<\/li>\n<li aria-level=\"1\">Schlie\u00dft die Gewebeumstrukturierung den Heilungsprozess ab.<\/li>\n<\/ul>\n<p>Nat\u00fcrliche Alterung bewirkt Ver\u00e4nderungen, kehrt die chirurgischen Ergebnisse jedoch nicht um.<\/p>\n<h2><span class=\"ez-toc-section\" id=\"Wann_ist_eine_Revisions-Nasen-OP_erforderlich\"><\/span>Wann ist eine Revisions-Nasen-OP erforderlich?<span class=\"ez-toc-section-end\"><\/span><\/h2>\n<ul>\n<li aria-level=\"1\">Unzufriedenstellendes \u00e4sthetisches Ergebnis (z.\u00a0B. Form der Nasenspitze)<\/li>\n<li aria-level=\"1\">Funktionelle Probleme (z.\u00a0B. Atem\u00adbehinderung)<\/li>\n<li aria-level=\"1\">Strukturelle Beeintr\u00e4chtigungen durch \u00fcberm\u00e4\u00dfige Gewebe\u00adentfernung<\/li>\n<li aria-level=\"1\">\u00dcberm\u00e4\u00dfiges Narbengewebe<\/li>\n<li aria-level=\"1\">Persistierende Septum\u00adabweichungen<\/li>\n<li aria-level=\"1\">Komplikationen wie Infektionen oder dauerhafte Schwellung<\/li>\n<\/ul>\n<p>Eine Revision wird \u00fcblicherweise fr\u00fchestens nach zw\u00f6lf Monaten erwogen.<\/p>\n<h2><span class=\"ez-toc-section\" id=\"Koennen_Nasenfunktionen_nach_einer_Nasen-OP_beeintraechtigt_sein\"><\/span>K\u00f6nnen Nasenfunktionen nach einer Nasen-OP beeintr\u00e4chtigt sein?<span class=\"ez-toc-section-end\"><\/span><\/h2>\n<p>In seltenen F\u00e4llen kann es zu funktionellen St\u00f6rungen kommen, etwa durch:<\/p>\n<ul>\n<li aria-level=\"1\">Nasale Obstruktion (Septum\u00addeviation, <a href=\"https:\/\/www.alevcamcioglu.com\/burun-ameliyati-sonrasi-burunda-cokme-meydana-gelir-mi\/\">Nasenklappen-Kollaps<\/a>)<\/li>\n<li aria-level=\"1\">Schwellungen, die den Luftstrom vor\u00fcbergehend verringern<\/li>\n<li aria-level=\"1\">Chronische Sinusitis aufgrund ver\u00e4nderter Anatomie<\/li>\n<\/ul>\n<p>Regelm\u00e4\u00dfige Nachkontrollen und konsequente Nachsorge reduzieren dieses Risiko.<\/p>\n<h2><span class=\"ez-toc-section\" id=\"Wie_laesst_sich_die_Narbenbildung_nach_einer_Nasen-OP_minimieren\"><\/span>Wie l\u00e4sst sich die Narbenbildung nach einer Nasen-OP minimieren?<span class=\"ez-toc-section-end\"><\/span><\/h2>\n<ul>\n<li aria-level=\"1\">Erfahrene Chirurg*in w\u00e4hlen \u2013 pr\u00e4zise, kleine Schnitte reduzieren Narben.<\/li>\n<li aria-level=\"1\">Postoperative Anweisungen konsequent befolgen (Wundhygiene, k\u00f6rperliche Schonung).<\/li>\n<li aria-level=\"1\">Gru\u00dfk\u00fchlung in den ersten Tagen, Verzicht auf Nikotin und Alkohol, ausreichende Hydrierung.<\/li>\n<li aria-level=\"1\">UV-Schutz mit hohem Lichtschutzfaktor.<\/li>\n<li aria-level=\"1\">Silikonpflaster oder -gele, vorsichtige Massage (wenn freigegeben), bei Bedarf Lasertherapie oder Steroidinjektionen.<\/li>\n<\/ul>\n<h2><span class=\"ez-toc-section\" id=\"Wie_lange_dauert_die_Genesung_nach_einer_Nasen-OP\"><\/span>Wie lange dauert die Genesung nach einer Nasen-OP?<span class=\"ez-toc-section-end\"><\/span><\/h2>\n<ul>\n<li aria-level=\"1\">Erste Woche: Maximale Schwellung und Bluterg\u00fcsse, innere und \u00e4u\u00dfere Schienen.<\/li>\n<li aria-level=\"1\">Woche\u00a02\u20134: Deutliche Besserung; Schwellung und H\u00e4matome klingen ab.<\/li>\n<li aria-level=\"1\">Erster Monat: Restschwellungen, vor allem an der Nasenspitze.<\/li>\n<li aria-level=\"1\">Monat\u00a02\u20133: Konturen werden klarer, k\u00f6rperliche Schonung weiterhin ratsam.<\/li>\n<li aria-level=\"1\">Monat\u00a06\u201312: Gro\u00dfteil der Schwellung verschwunden, nat\u00fcrliche Optik; vollst\u00e4ndige Heilung etwa nach einem Jahr.<\/li>\n<\/ul>\n<h2><span class=\"ez-toc-section\" id=\"Haeufig_gestellte_Fragen\"><\/span>H\u00e4ufig gestellte Fragen<span class=\"ez-toc-section-end\"><\/span><\/h2>\n<p><strong>Kann sich die Nasenstruktur nach Jahren \u00e4ndern?<\/strong><\/p>\n<p>Ja \u2013 nat\u00fcrliche Alterung, Narbenreifung und chirurgische Technik beeinflussen die langfristige Form. Moderne rekonstruktive Methoden stabilisieren jedoch die Struktur f\u00fcr dauerhafte Ergebnisse.<\/p>\n<p><strong>Wie lassen sich sp\u00e4tere Deformit\u00e4ten verhindern?<\/strong><\/p>\n<p>Sorgf\u00e4ltige OP-Technik, Erhalt\/St\u00e4rkung von St\u00fctzstrukturen und konsequente Nachsorge (kein Nasenstopfen, m\u00f6gliche Splints) reduzieren sp\u00e4tere Formver\u00e4nderungen.<\/p>\n<p><strong>Wie wirkt sich Alterung auf langfristige Ergebnisse aus?<\/strong><\/p>\n<p>Mit der Zeit nimmt die Hautelastizit\u00e4t ab, St\u00fctzgewebe erschlaffen, die Nasenspitze kann leicht absinken. Meist sind diese Ver\u00e4nderungen gering und graduell.<\/p>\n<p><strong>Welche Techniken sichern dauerhafte Resultate?<\/strong><\/p>\n<p>Kolumellar-St\u00fctzgrefts, kaudale Septumverl\u00e4ngerungen oder Tongue-in-Groove-Techniken stabilisieren die Nasenspitze nachhaltig.<\/p>\n<p><strong>Ist m\u00f6glicherweise eine weitere OP erforderlich?<\/strong><\/p>\n<p>Laut Studien ben\u00f6tigen 10 % der Patient*innen eine Revision \u2013 meist wegen Spitze-Rotation, Columella-H\u00e4ngung oder Supratip-Deformit\u00e4t. Eine Revision sollte fr\u00fchestens nach einem Jahr erfolgen.<\/p>\n","protected":false},"excerpt":{"rendered":"<p>Eine Nase kann sich auch Jahre nach einer Operation noch leicht ver\u00e4ndern, da Gewebealterung und Hautver\u00e4nderungen nat\u00fcrliche Prozesse sind. In seltenen F\u00e4llen k\u00f6nnen sich durch Narbenbildung oder strukturelle Instabilit\u00e4t nach Jahren asymmetrische Ver\u00e4nderungen zeigen. Die meisten Patienten behalten jedoch eine stabile Nasenform, wenn die Operation fachgerecht durchgef\u00fchrt wurde und die Heilung problemlos verlief. Regelm\u00e4\u00dfige \u00e4rztliche [&#8230;]\n","protected":false},"author":990002,"featured_media":2856,"comment_status":"closed","ping_status":"closed","sticky":false,"template":"","format":"standard","meta":{"footnotes":""},"categories":[78],"tags":[],"class_list":["post-9888","post","type-post","status-publish","format-standard","has-post-thumbnail","hentry","category-nasen-op"],"_links":{"self":[{"href":"https:\/\/www.alevcamcioglu.com\/de\/wp-json\/wp\/v2\/posts\/9888","targetHints":{"allow":["GET"]}}],"collection":[{"href":"https:\/\/www.alevcamcioglu.com\/de\/wp-json\/wp\/v2\/posts"}],"about":[{"href":"https:\/\/www.alevcamcioglu.com\/de\/wp-json\/wp\/v2\/types\/post"}],"author":[{"embeddable":true,"href":"https:\/\/www.alevcamcioglu.com\/de\/wp-json\/wp\/v2\/users\/990002"}],"replies":[{"embeddable":true,"href":"https:\/\/www.alevcamcioglu.com\/de\/wp-json\/wp\/v2\/comments?post=9888"}],"version-history":[{"count":2,"href":"https:\/\/www.alevcamcioglu.com\/de\/wp-json\/wp\/v2\/posts\/9888\/revisions"}],"predecessor-version":[{"id":10682,"href":"https:\/\/www.alevcamcioglu.com\/de\/wp-json\/wp\/v2\/posts\/9888\/revisions\/10682"}],"wp:featuredmedia":[{"embeddable":true,"href":"https:\/\/www.alevcamcioglu.com\/de\/wp-json\/wp\/v2\/media\/2856"}],"wp:attachment":[{"href":"https:\/\/www.alevcamcioglu.com\/de\/wp-json\/wp\/v2\/media?parent=9888"}],"wp:term":[{"taxonomy":"category","embeddable":true,"href":"https:\/\/www.alevcamcioglu.com\/de\/wp-json\/wp\/v2\/categories?post=9888"},{"taxonomy":"post_tag","embeddable":true,"href":"https:\/\/www.alevcamcioglu.com\/de\/wp-json\/wp\/v2\/tags?post=9888"}],"curies":[{"name":"wp","href":"https:\/\/api.w.org\/{rel}","templated":true}]}}