{"id":9887,"date":"2024-07-08T12:21:21","date_gmt":"2024-07-08T12:21:21","guid":{"rendered":"https:\/\/www.alevcamcioglu.com\/?p=9887"},"modified":"2025-08-27T18:22:55","modified_gmt":"2025-08-27T18:22:55","slug":"kann-eine-nasenmuschel-op-gleichzeitig-mit-einer-nasen-op-durchgefuehrt-werden","status":"publish","type":"post","link":"https:\/\/www.alevcamcioglu.com\/de\/kann-eine-nasenmuschel-op-gleichzeitig-mit-einer-nasen-op-durchgefuehrt-werden\/","title":{"rendered":"Kann eine Nasenmuschel-OP gleichzeitig mit einer Nasen-OP durchgef\u00fchrt werden?"},"content":{"rendered":"<p><span style=\"font-weight: 400;\">Eine Nasenmuschel-OP kann gleichzeitig mit einer \u00e4sthetischen Nasenoperation durchgef\u00fchrt werden. Dies ist besonders sinnvoll, wenn funktionelle Atemprobleme bestehen.<\/span><\/p>\n<p><span style=\"font-weight: 400;\">Die gleichzeitige Korrektur der Nasenmuscheln verbessert die Luftzirkulation und erm\u00f6glicht eine ganzheitliche Behandlung von Funktion und \u00c4sthetik.<\/span><\/p>\n<p><span style=\"font-weight: 400;\">Durch die Kombination wird nur eine Narkose ben\u00f6tigt und die Heilungszeit verk\u00fcrzt. Patienten profitieren somit von einem umfassenderen Eingriff.<\/span><\/p>\n<p><span style=\"font-weight: 400;\">Der behandelnde Chirurg entscheidet individuell, ob eine kombinierte Operation empfehlenswert und medizinisch sicher ist.<\/span><\/p>\n<div id=\"ez-toc-container\" class=\"ez-toc-v2_0_82_2 counter-hierarchy ez-toc-counter ez-toc-grey ez-toc-container-direction\">\n<div class=\"ez-toc-title-container\">\n<p class=\"ez-toc-title\" style=\"cursor:inherit\">Inhaltsverzeichnis<\/p>\n<span class=\"ez-toc-title-toggle\"><a href=\"#\" class=\"ez-toc-pull-right ez-toc-btn ez-toc-btn-xs ez-toc-btn-default ez-toc-toggle\" aria-label=\"Toggle Table of Content\"><span class=\"ez-toc-js-icon-con\"><span class=\"\"><span class=\"eztoc-hide\" style=\"display:none;\">Toggle<\/span><span class=\"ez-toc-icon-toggle-span\"><svg style=\"fill: #999;color:#999\" xmlns=\"http:\/\/www.w3.org\/2000\/svg\" class=\"list-377408\" width=\"20px\" height=\"20px\" viewBox=\"0 0 24 24\" fill=\"none\"><path d=\"M6 6H4v2h2V6zm14 0H8v2h12V6zM4 11h2v2H4v-2zm16 0H8v2h12v-2zM4 16h2v2H4v-2zm16 0H8v2h12v-2z\" fill=\"currentColor\"><\/path><\/svg><svg style=\"fill: #999;color:#999\" class=\"arrow-unsorted-368013\" xmlns=\"http:\/\/www.w3.org\/2000\/svg\" width=\"10px\" height=\"10px\" viewBox=\"0 0 24 24\" version=\"1.2\" baseProfile=\"tiny\"><path d=\"M18.2 9.3l-6.2-6.3-6.2 6.3c-.2.2-.3.4-.3.7s.1.5.3.7c.2.2.4.3.7.3h11c.3 0 .5-.1.7-.3.2-.2.3-.5.3-.7s-.1-.5-.3-.7zM5.8 14.7l6.2 6.3 6.2-6.3c.2-.2.3-.5.3-.7s-.1-.5-.3-.7c-.2-.2-.4-.3-.7-.3h-11c-.3 0-.5.1-.7.3-.2.2-.3.5-.3.7s.1.5.3.7z\"\/><\/svg><\/span><\/span><\/span><\/a><\/span><\/div>\n<nav><ul class='ez-toc-list ez-toc-list-level-1 ' ><li class='ez-toc-page-1 ez-toc-heading-level-2'><a class=\"ez-toc-link ez-toc-heading-1\" href=\"https:\/\/www.alevcamcioglu.com\/de\/kann-eine-nasenmuschel-op-gleichzeitig-mit-einer-nasen-op-durchgefuehrt-werden\/#Kann_eine_Nasenmuschel-Operation_mit_einer_Nasen-OP_in_derselben_Sitzung_durchgefuehrt_werden\" >Kann eine Nasenmuschel-Operation mit einer Nasen-OP in derselben Sitzung durchgef\u00fchrt werden?<\/a><\/li><li class='ez-toc-page-1 ez-toc-heading-level-2'><a class=\"ez-toc-link ez-toc-heading-2\" href=\"https:\/\/www.alevcamcioglu.com\/de\/kann-eine-nasenmuschel-op-gleichzeitig-mit-einer-nasen-op-durchgefuehrt-werden\/#Wie_verlaeuft_die_Heilung_wenn_Nasenmuschel-_und_Nasen-OP_kombiniert_werden\" >Wie verl\u00e4uft die Heilung, wenn Nasenmuschel- und Nasen-OP kombiniert werden?<\/a><\/li><li class='ez-toc-page-1 ez-toc-heading-level-2'><a class=\"ez-toc-link ez-toc-heading-3\" href=\"https:\/\/www.alevcamcioglu.com\/de\/kann-eine-nasenmuschel-op-gleichzeitig-mit-einer-nasen-op-durchgefuehrt-werden\/#Welche_Vorteile_hat_die_gleichzeitige_Nasenmuschel-_und_Nasen-OP\" >Welche Vorteile hat die gleichzeitige Nasenmuschel- und Nasen-OP?<\/a><\/li><li class='ez-toc-page-1 ez-toc-heading-level-2'><a class=\"ez-toc-link ez-toc-heading-4\" href=\"https:\/\/www.alevcamcioglu.com\/de\/kann-eine-nasenmuschel-op-gleichzeitig-mit-einer-nasen-op-durchgefuehrt-werden\/#Steigen_die_Risiken_wenn_beide_Eingriffe_zusammen_erfolgen\" >Steigen die Risiken, wenn beide Eingriffe zusammen erfolgen?<\/a><\/li><li class='ez-toc-page-1 ez-toc-heading-level-2'><a class=\"ez-toc-link ez-toc-heading-5\" href=\"https:\/\/www.alevcamcioglu.com\/de\/kann-eine-nasenmuschel-op-gleichzeitig-mit-einer-nasen-op-durchgefuehrt-werden\/#Wann_ist_eine_kombinierte_Operation_nicht_zu_empfehlen\" >Wann ist eine kombinierte Operation nicht zu empfehlen?<\/a><\/li><li class='ez-toc-page-1 ez-toc-heading-level-2'><a class=\"ez-toc-link ez-toc-heading-6\" href=\"https:\/\/www.alevcamcioglu.com\/de\/kann-eine-nasenmuschel-op-gleichzeitig-mit-einer-nasen-op-durchgefuehrt-werden\/#Kann_eine_Nasenmuschel-OP_mit_einer_Nasenspitzen-Korrektur_kombiniert_werden\" >Kann eine Nasenmuschel-OP mit einer Nasenspitzen-Korrektur kombiniert werden?<\/a><\/li><li class='ez-toc-page-1 ez-toc-heading-level-2'><a class=\"ez-toc-link ez-toc-heading-7\" href=\"https:\/\/www.alevcamcioglu.com\/de\/kann-eine-nasenmuschel-op-gleichzeitig-mit-einer-nasen-op-durchgefuehrt-werden\/#Muss_man_beide_Operationen_zwingend_zusammen_durchfuehren_lassen\" >Muss man beide Operationen zwingend zusammen durchf\u00fchren lassen?<\/a><\/li><li class='ez-toc-page-1 ez-toc-heading-level-2'><a class=\"ez-toc-link ez-toc-heading-8\" href=\"https:\/\/www.alevcamcioglu.com\/de\/kann-eine-nasenmuschel-op-gleichzeitig-mit-einer-nasen-op-durchgefuehrt-werden\/#Kann_die_Nasenmuschel-OP_zusammen_mit_der_Begradigung_eines_Nasenhoeckers_erfolgen\" >Kann die Nasenmuschel-OP zusammen mit der Begradigung eines Nasenh\u00f6ckers erfolgen?<\/a><\/li><li class='ez-toc-page-1 ez-toc-heading-level-2'><a class=\"ez-toc-link ez-toc-heading-9\" href=\"https:\/\/www.alevcamcioglu.com\/de\/kann-eine-nasenmuschel-op-gleichzeitig-mit-einer-nasen-op-durchgefuehrt-werden\/#Werden_Atemprobleme_behoben_wenn_beide_Operationen_kombiniert_werden\" >Werden Atemprobleme behoben, wenn beide Operationen kombiniert werden?<\/a><\/li><li class='ez-toc-page-1 ez-toc-heading-level-2'><a class=\"ez-toc-link ez-toc-heading-10\" href=\"https:\/\/www.alevcamcioglu.com\/de\/kann-eine-nasenmuschel-op-gleichzeitig-mit-einer-nasen-op-durchgefuehrt-werden\/#Haeufig_gestellte_Fragen\" >H\u00e4ufig gestellte Fragen<\/a><\/li><\/ul><\/nav><\/div>\n<h2><span class=\"ez-toc-section\" id=\"Kann_eine_Nasenmuschel-Operation_mit_einer_Nasen-OP_in_derselben_Sitzung_durchgefuehrt_werden\"><\/span>Kann eine Nasenmuschel-Operation mit einer Nasen-OP in derselben Sitzung durchgef\u00fchrt werden?<span class=\"ez-toc-section-end\"><\/span><\/h2>\n<p><a href=\"https:\/\/www.alevcamcioglu.com\/burun-estetigi\/\">Nasen-OP<\/a> und die Korrektur einer Septumabweichung lassen sich in einem kombinierten Eingriff durchf\u00fchren, der als Septorhinoplastik bekannt ist. Diese Methode erm\u00f6glicht es, mehrere Probleme gleichzeitig zu behandeln und bietet dabei verschiedene Vorteile:<\/p>\n<ul>\n<li aria-level=\"1\">Umfassende Verbesserung: Funktionelle Korrekturen werden mit \u00e4sthetischen Verbesserungen kombiniert, was zu einer harmonischen Nasen\u00adstruktur f\u00fchrt.<\/li>\n<li aria-level=\"1\">Kosten\u00adeffizienz: Die Zusammenlegung zweier Operationen senkt An\u00e4sthesie-, Klinik- und weitere Kosten.<\/li>\n<li aria-level=\"1\">K\u00fcrzere Heilungszeit: Patient*innen erholen sich nur einmal, statt zwei getrennte Heilungs\u00adphasen durchlaufen zu m\u00fcssen.<\/li>\n<li aria-level=\"1\">Harmonisierte Ergebnisse: Funktionelle und \u00e4sthetische Anpassungen erfolgen im selben Eingriff und liefern ein ausgewogeneres Resultat.<\/li>\n<\/ul>\n<h2><span class=\"ez-toc-section\" id=\"Wie_verlaeuft_die_Heilung_wenn_Nasenmuschel-_und_Nasen-OP_kombiniert_werden\"><\/span>Wie verl\u00e4uft die Heilung, wenn Nasenmuschel- und Nasen-OP kombiniert werden?<span class=\"ez-toc-section-end\"><\/span><\/h2>\n<p>Die Kombination beider Eingriffe erleichtert den Heilungsprozess und beschleunigt die Genesung:<\/p>\n<ul>\n<li aria-level=\"1\"><strong>Erste Woche:<\/strong> Schwellungen und Bluterg\u00fcsse, eventuell bis in die Augenpartie; innere Schienen oder Tamponaden werden meist nach einer Woche entfernt; Schmerz\u00admanagement \u00fcber verordnete Medikamente.<\/li>\n<li aria-level=\"1\"><strong>Erste zwei Wochen:<\/strong> Regelm\u00e4\u00dfige Kontrollen; Vermeidung schwerer k\u00f6rperlicher Aktivit\u00e4ten.<\/li>\n<li aria-level=\"1\"><strong>Erster bis zweiter Monat:<\/strong> Deutlicher R\u00fcckgang der Schwellung; Atmung normalisiert sich, da innere Schwellungen abklingen.<\/li>\n<li aria-level=\"1\"><strong>L\u00e4ngerfristig:<\/strong> Endergebnis wird innerhalb eines Jahres sichtbar; innere Schnitte heilen praktisch unsichtbar, \u00e4u\u00dfere Narben verblassen zunehmend.<\/li>\n<\/ul>\n<h2><span class=\"ez-toc-section\" id=\"Welche_Vorteile_hat_die_gleichzeitige_Nasenmuschel-_und_Nasen-OP\"><\/span>Welche Vorteile hat die gleichzeitige Nasenmuschel- und Nasen-OP?<span class=\"ez-toc-section-end\"><\/span><\/h2>\n<ul>\n<li aria-level=\"1\">Umfassende \u00e4sthetische <em>und<\/em> funktionelle Verbesserung.<\/li>\n<li aria-level=\"1\">Geringere Gesamtkosten durch eine einzige Operation.<\/li>\n<li aria-level=\"1\">Nur eine Erholungsphase, wodurch der Alltag schneller wieder aufgenommen werden kann.<\/li>\n<li aria-level=\"1\">Bessere Abstimmung zwischen funktionellen und kosmetischen Ergebnissen.<\/li>\n<li aria-level=\"1\">Minimierte Narbenbildung, da oftmals dieselben Inzisionen genutzt werden.<\/li>\n<li aria-level=\"1\">Effizientere Operations\u00adplanung f\u00fcr das chirurgische Team.<\/li>\n<\/ul>\n<h2><span class=\"ez-toc-section\" id=\"Steigen_die_Risiken_wenn_beide_Eingriffe_zusammen_erfolgen\"><\/span>Steigen die Risiken, wenn beide Eingriffe zusammen erfolgen?<span class=\"ez-toc-section-end\"><\/span><\/h2>\n<p>Die Septorhinoplastik bietet viele Vorteile, kann jedoch das allgemeine Risiko etwas erh\u00f6hen:<\/p>\n<ul>\n<li aria-level=\"1\">H\u00f6heres Infektions\u00adrisiko aufgrund einer gr\u00f6\u00dferen OP-Fl\u00e4che.<\/li>\n<li aria-level=\"1\">Mehr Blutverlust, da zwei Verfahren kombiniert werden.<\/li>\n<li aria-level=\"1\">Ausgepr\u00e4gtere Narben, wenn ein gr\u00f6\u00dferer Zugang n\u00f6tig ist.<\/li>\n<li aria-level=\"1\">M\u00f6gliche Unzufriedenheit mit dem kosmetischen Ergebnis, falls Erwartungen und Resultat nicht \u00fcbereinstimmen.<\/li>\n<li aria-level=\"1\">Ver\u00e4nderte Nasen\u00adfunktion, sollten strukturelle Anpassungen nicht optimal ausfallen.<\/li>\n<\/ul>\n<h2><span class=\"ez-toc-section\" id=\"Wann_ist_eine_kombinierte_Operation_nicht_zu_empfehlen\"><\/span>Wann ist eine kombinierte Operation nicht zu empfehlen?<span class=\"ez-toc-section-end\"><\/span><\/h2>\n<ul>\n<li aria-level=\"1\">Patient*innen ohne \u00e4sthetischen \u00c4nderungs\u00adwunsch \u2013 hier gen\u00fcgt eine reine Septoplastik.<\/li>\n<li aria-level=\"1\">Sehr junge Patient*innen mit noch wachsender Nasen\u00adstruktur.<\/li>\n<li aria-level=\"1\">Schwere Allgemein\u00aderkrankungen, die ein l\u00e4ngeres OP-Risiko erh\u00f6hen.<\/li>\n<li aria-level=\"1\">Vor\u00adoperationen an der Nase \u2013 hier kann eine stufenweise Vorgehens\u00adweise sinnvoll sein.<\/li>\n<li aria-level=\"1\">Ausgepr\u00e4gte Septum\u00adabweichungen, bei denen zun\u00e4chst nur die Funktion korrigiert wird.<\/li>\n<\/ul>\n<h2><span class=\"ez-toc-section\" id=\"Kann_eine_Nasenmuschel-OP_mit_einer_Nasenspitzen-Korrektur_kombiniert_werden\"><\/span>Kann eine Nasenmuschel-OP mit einer Nasenspitzen-Korrektur kombiniert werden?<span class=\"ez-toc-section-end\"><\/span><\/h2>\n<p>Ja. Eine gleichzeitige Korrektur der Nasenmuscheln und eine Nasenspitzen\u00ad\u00e4sthetik bieten folgende Vorteile:<\/p>\n<ul>\n<li aria-level=\"1\">Nur eine Narkose f\u00fcr zwei Problemfelder.<\/li>\n<li aria-level=\"1\">Eine einzige Erholungs\u00adphase.<\/li>\n<li aria-level=\"1\">Reduzierte Gesamtkosten.<\/li>\n<li aria-level=\"1\">\u00c4sthetische und funktionelle Verbesserungen greifen nahtlos ineinander.<\/li>\n<\/ul>\n<p><a href=\"https:\/\/my.clevelandclinic.org\/health\/treatments\/17779-septoplasty\" target=\"_blank\" rel=\"noopener\">Weitere Informationen zur Septoplastik<\/a><\/p>\n<h2><span class=\"ez-toc-section\" id=\"Muss_man_beide_Operationen_zwingend_zusammen_durchfuehren_lassen\"><\/span>Muss man beide Operationen zwingend zusammen durchf\u00fchren lassen?<span class=\"ez-toc-section-end\"><\/span><\/h2>\n<p>Nein. Die Entscheidung h\u00e4ngt von den Bed\u00fcrfnissen der Patient*innen ab:<\/p>\n<ul>\n<li aria-level=\"1\">Nur funktionelle Beschwerden \u2192 alleinige Septoplastik.<\/li>\n<li aria-level=\"1\">Nur \u00e4sthetisches Anliegen \u2192 alleinige Nasen-OP.<\/li>\n<li aria-level=\"1\">Kombination bietet Vorteile bei Kosten, Heilungszeit und Gesamt\u00adergebnis.<\/li>\n<\/ul>\n<h2><span class=\"ez-toc-section\" id=\"Kann_die_Nasenmuschel-OP_zusammen_mit_der_Begradigung_eines_Nasenhoeckers_erfolgen\"><\/span>Kann die Nasenmuschel-OP zusammen mit der Begradigung eines Nasenh\u00f6ckers erfolgen?<span class=\"ez-toc-section-end\"><\/span><\/h2>\n<p>Ja, im Rahmen einer Septorhinoplastik. Vorteile:<\/p>\n<ul>\n<li aria-level=\"1\">Nur ein OP-Termin.<\/li>\n<li aria-level=\"1\">Schnellere Gesamt\u00adheilung.<\/li>\n<li aria-level=\"1\">Kosteneinsparung.<\/li>\n<\/ul>\n<p>Zuerst wird das Septum begradigt, danach der H\u00f6cker abgetragen \u2013 das verbessert Atmung <em>und<\/em> Profil.<\/p>\n<h2><span class=\"ez-toc-section\" id=\"Werden_Atemprobleme_behoben_wenn_beide_Operationen_kombiniert_werden\"><\/span>Werden Atemprobleme behoben, wenn beide Operationen kombiniert werden?<span class=\"ez-toc-section-end\"><\/span><\/h2>\n<p>Ja. Die Septorhinoplastik optimiert den Luftfluss durch ein korrigiertes Septum und liefert zugleich ein harmonisches Aussehen. Ein Eingriff \u2013 doppelter Nutzen.<\/p>\n<h2><span class=\"ez-toc-section\" id=\"Haeufig_gestellte_Fragen\"><\/span>H\u00e4ufig gestellte Fragen<span class=\"ez-toc-section-end\"><\/span><\/h2>\n<p><strong>Wie plant man die Kombination von Nasenmuschel- und Nasen-OP?<\/strong><\/p>\n<p>Die Zusammenlegung erfolgt strategisch, um sowohl die Atmung zu verbessern als auch die \u00e4sthetische Form zu optimieren. Vergr\u00f6\u00dferte Nasenmuscheln werden verkleinert, w\u00e4hrend die Nasenform verfeinert wird.<\/p>\n<p><strong>Wie wirkt sich die Kombination auf die Heilung aus?<\/strong><\/p>\n<p>Ein einmaliges Erholen ist f\u00fcr die meisten Patient*innen weniger belastend. Schwellungen und tages\u00adlicht\u00adtaugliche Aktivit\u00e4ten normalisieren sich meist innerhalb von 7\u201310 Tagen. K\u00f6rperlich anstrengende T\u00e4tigkeiten sollten l\u00e4nger pausiert werden.<\/p>\n<p><strong>Beeinflusst die Nasenmuschel-OP das \u00e4sthetische Ergebnis?<\/strong><\/p>\n<p>Laut Studien verbessern Turbinate-Eingriffe den Luftstrom, ohne das \u00e4sthetische Resultat nennenswert zu ver\u00e4ndern.<\/p>\n<p><strong>Steigt das Komplikations\u00adrisiko durch die Kombination?<\/strong><\/p>\n<p>Die Kombination gilt als sicher. Blutungs- und Infektions\u00adraten unterscheiden sich nur geringf\u00fcgig von Einzel\u00adeingriffen.<\/p>\n<p><strong>Welche Vorteile bietet die gleichzeitige Operation?<\/strong><\/p>\n<p>Sie spart Zeit, Kosten und erleichtert eine umfassende Korrektur in einem Schritt \u2013 mit hoher Zufriedenheit sowohl beim Aussehen als auch bei der Atmung.<\/p>\n","protected":false},"excerpt":{"rendered":"<p>Eine Nasenmuschel-OP kann gleichzeitig mit einer \u00e4sthetischen Nasenoperation durchgef\u00fchrt werden. Dies ist besonders sinnvoll, wenn funktionelle Atemprobleme bestehen. Die gleichzeitige Korrektur der Nasenmuscheln verbessert die Luftzirkulation und erm\u00f6glicht eine ganzheitliche Behandlung von Funktion und \u00c4sthetik. Durch die Kombination wird nur eine Narkose ben\u00f6tigt und die Heilungszeit verk\u00fcrzt. Patienten profitieren somit von einem umfassenderen Eingriff. Der [&#8230;]\n","protected":false},"author":990002,"featured_media":2862,"comment_status":"closed","ping_status":"closed","sticky":false,"template":"","format":"standard","meta":{"footnotes":""},"categories":[78],"tags":[],"class_list":["post-9887","post","type-post","status-publish","format-standard","has-post-thumbnail","hentry","category-nasen-op"],"_links":{"self":[{"href":"https:\/\/www.alevcamcioglu.com\/de\/wp-json\/wp\/v2\/posts\/9887","targetHints":{"allow":["GET"]}}],"collection":[{"href":"https:\/\/www.alevcamcioglu.com\/de\/wp-json\/wp\/v2\/posts"}],"about":[{"href":"https:\/\/www.alevcamcioglu.com\/de\/wp-json\/wp\/v2\/types\/post"}],"author":[{"embeddable":true,"href":"https:\/\/www.alevcamcioglu.com\/de\/wp-json\/wp\/v2\/users\/990002"}],"replies":[{"embeddable":true,"href":"https:\/\/www.alevcamcioglu.com\/de\/wp-json\/wp\/v2\/comments?post=9887"}],"version-history":[{"count":2,"href":"https:\/\/www.alevcamcioglu.com\/de\/wp-json\/wp\/v2\/posts\/9887\/revisions"}],"predecessor-version":[{"id":10683,"href":"https:\/\/www.alevcamcioglu.com\/de\/wp-json\/wp\/v2\/posts\/9887\/revisions\/10683"}],"wp:featuredmedia":[{"embeddable":true,"href":"https:\/\/www.alevcamcioglu.com\/de\/wp-json\/wp\/v2\/media\/2862"}],"wp:attachment":[{"href":"https:\/\/www.alevcamcioglu.com\/de\/wp-json\/wp\/v2\/media?parent=9887"}],"wp:term":[{"taxonomy":"category","embeddable":true,"href":"https:\/\/www.alevcamcioglu.com\/de\/wp-json\/wp\/v2\/categories?post=9887"},{"taxonomy":"post_tag","embeddable":true,"href":"https:\/\/www.alevcamcioglu.com\/de\/wp-json\/wp\/v2\/tags?post=9887"}],"curies":[{"name":"wp","href":"https:\/\/api.w.org\/{rel}","templated":true}]}}