{"id":9885,"date":"2024-07-08T12:20:37","date_gmt":"2024-07-08T12:20:37","guid":{"rendered":"https:\/\/www.alevcamcioglu.com\/?p=9885"},"modified":"2025-08-27T18:23:48","modified_gmt":"2025-08-27T18:23:48","slug":"wann-verschwindet-die-hochstellung-der-nasenspitze-nach-einer-nasen-op","status":"publish","type":"post","link":"https:\/\/www.alevcamcioglu.com\/de\/wann-verschwindet-die-hochstellung-der-nasenspitze-nach-einer-nasen-op\/","title":{"rendered":"Wann verschwindet die Hochstellung der Nasenspitze nach einer Nasen-OP?"},"content":{"rendered":"<p><span style=\"font-weight: 400;\">Die Hochstellung der Nasenspitze nach einer Operation ist h\u00e4ufig vor\u00fcbergehend und durch Schwellungen bedingt.<\/span><\/p>\n<p><span style=\"font-weight: 400;\">Im Verlauf der Heilung sinkt die Spitze allm\u00e4hlich ab, da das Gewebe abschwillt und die Knorpel ihre endg\u00fcltige Position einnehmen.<\/span><\/p>\n<p><span style=\"font-weight: 400;\">Der Prozess kann mehrere Monate dauern, weshalb das Endergebnis meist erst nach 9 bis 12 Monaten vollst\u00e4ndig sichtbar ist.<\/span><\/p>\n<p><span style=\"font-weight: 400;\">Geduld und regelm\u00e4\u00dfige \u00e4rztliche Kontrollen sind wichtig, um den Heilungsverlauf zu \u00fcberwachen und eventuelle Korrekturen rechtzeitig zu planen.<\/span><\/p>\n<div id=\"ez-toc-container\" class=\"ez-toc-v2_0_82_2 counter-hierarchy ez-toc-counter ez-toc-grey ez-toc-container-direction\">\n<div class=\"ez-toc-title-container\">\n<p class=\"ez-toc-title\" style=\"cursor:inherit\">Inhaltsverzeichnis<\/p>\n<span class=\"ez-toc-title-toggle\"><a href=\"#\" class=\"ez-toc-pull-right ez-toc-btn ez-toc-btn-xs ez-toc-btn-default ez-toc-toggle\" aria-label=\"Toggle Table of Content\"><span class=\"ez-toc-js-icon-con\"><span class=\"\"><span class=\"eztoc-hide\" style=\"display:none;\">Toggle<\/span><span class=\"ez-toc-icon-toggle-span\"><svg style=\"fill: #999;color:#999\" xmlns=\"http:\/\/www.w3.org\/2000\/svg\" class=\"list-377408\" width=\"20px\" height=\"20px\" viewBox=\"0 0 24 24\" fill=\"none\"><path d=\"M6 6H4v2h2V6zm14 0H8v2h12V6zM4 11h2v2H4v-2zm16 0H8v2h12v-2zM4 16h2v2H4v-2zm16 0H8v2h12v-2z\" fill=\"currentColor\"><\/path><\/svg><svg style=\"fill: #999;color:#999\" class=\"arrow-unsorted-368013\" xmlns=\"http:\/\/www.w3.org\/2000\/svg\" width=\"10px\" height=\"10px\" viewBox=\"0 0 24 24\" version=\"1.2\" baseProfile=\"tiny\"><path d=\"M18.2 9.3l-6.2-6.3-6.2 6.3c-.2.2-.3.4-.3.7s.1.5.3.7c.2.2.4.3.7.3h11c.3 0 .5-.1.7-.3.2-.2.3-.5.3-.7s-.1-.5-.3-.7zM5.8 14.7l6.2 6.3 6.2-6.3c.2-.2.3-.5.3-.7s-.1-.5-.3-.7c-.2-.2-.4-.3-.7-.3h-11c-.3 0-.5.1-.7.3-.2.2-.3.5-.3.7s.1.5.3.7z\"\/><\/svg><\/span><\/span><\/span><\/a><\/span><\/div>\n<nav><ul class='ez-toc-list ez-toc-list-level-1 ' ><li class='ez-toc-page-1 ez-toc-heading-level-2'><a class=\"ez-toc-link ez-toc-heading-1\" href=\"https:\/\/www.alevcamcioglu.com\/de\/wann-verschwindet-die-hochstellung-der-nasenspitze-nach-einer-nasen-op\/#Wie_lange_braucht_die_Nasenspitzenhebung_nach_einer_Nasen-OP_um_sich_zu_normalisieren\" >Wie lange braucht die Nasenspitzen\u00adhebung nach einer Nasen-OP, um sich zu normalisieren?<\/a><\/li><li class='ez-toc-page-1 ez-toc-heading-level-2'><a class=\"ez-toc-link ez-toc-heading-2\" href=\"https:\/\/www.alevcamcioglu.com\/de\/wann-verschwindet-die-hochstellung-der-nasenspitze-nach-einer-nasen-op\/#Wann_stabilisiert_sich_die_Form_meiner_Nase_nach_einer_Nasen-OP\" >Wann stabilisiert sich die Form meiner Nase nach einer Nasen-OP?<\/a><\/li><li class='ez-toc-page-1 ez-toc-heading-level-2'><a class=\"ez-toc-link ez-toc-heading-3\" href=\"https:\/\/www.alevcamcioglu.com\/de\/wann-verschwindet-die-hochstellung-der-nasenspitze-nach-einer-nasen-op\/#Warum_ist_meine_Nasenspitze_nach_der_Operation_so_stark_angehoben\" >Warum ist meine Nasenspitze nach der Operation so stark angehoben?<\/a><\/li><li class='ez-toc-page-1 ez-toc-heading-level-2'><a class=\"ez-toc-link ez-toc-heading-4\" href=\"https:\/\/www.alevcamcioglu.com\/de\/wann-verschwindet-die-hochstellung-der-nasenspitze-nach-einer-nasen-op\/#Ist_die_angehobene_Nasenspitze_dauerhaft\" >Ist die angehobene Nasenspitze dauerhaft?<\/a><\/li><li class='ez-toc-page-1 ez-toc-heading-level-2'><a class=\"ez-toc-link ez-toc-heading-5\" href=\"https:\/\/www.alevcamcioglu.com\/de\/wann-verschwindet-die-hochstellung-der-nasenspitze-nach-einer-nasen-op\/#Wann_sehe_ich_das_endgueltige_Ergebnis_nach_einer_Nasen-OP\" >Wann sehe ich das endg\u00fcltige Ergebnis nach einer Nasen-OP?<\/a><\/li><li class='ez-toc-page-1 ez-toc-heading-level-2'><a class=\"ez-toc-link ez-toc-heading-6\" href=\"https:\/\/www.alevcamcioglu.com\/de\/wann-verschwindet-die-hochstellung-der-nasenspitze-nach-einer-nasen-op\/#Was_kann_ich_gegen_die_Schwellung_der_Nasenspitze_tun\" >Was kann ich gegen die Schwellung der Nasenspitze tun?<\/a><\/li><li class='ez-toc-page-1 ez-toc-heading-level-2'><a class=\"ez-toc-link ez-toc-heading-7\" href=\"https:\/\/www.alevcamcioglu.com\/de\/wann-verschwindet-die-hochstellung-der-nasenspitze-nach-einer-nasen-op\/#Wann_sollte_ich_wegen_einer_angehobenen_Nasenspitze_meine_Aerztin_aufsuchen\" >Wann sollte ich wegen einer angehobenen Nasenspitze meine \u00c4rzt*in aufsuchen?<\/a><\/li><li class='ez-toc-page-1 ez-toc-heading-level-2'><a class=\"ez-toc-link ez-toc-heading-8\" href=\"https:\/\/www.alevcamcioglu.com\/de\/wann-verschwindet-die-hochstellung-der-nasenspitze-nach-einer-nasen-op\/#Haeufig_gestellte_Fragen\" >H\u00e4ufig gestellte Fragen<\/a><\/li><\/ul><\/nav><\/div>\n<h2><span class=\"ez-toc-section\" id=\"Wie_lange_braucht_die_Nasenspitzenhebung_nach_einer_Nasen-OP_um_sich_zu_normalisieren\"><\/span>Wie lange braucht die Nasenspitzen\u00adhebung nach einer Nasen-OP, um sich zu normalisieren?<span class=\"ez-toc-section-end\"><\/span><\/h2>\n<p><a href=\"https:\/\/www.alevcamcioglu.com\/burun-estetigi\/\">Nasen-OP<\/a> \u2013 der Heilungsprozess verl\u00e4uft stufenweise:<\/p>\n<ul>\n<li aria-level=\"1\">Am Ende der ersten Woche geht die st\u00e4rkste Schwellung deutlich zur\u00fcck.<\/li>\n<li aria-level=\"1\">Nach dem ersten Monat sind die meisten sichtbaren Schwellungen abgeklungen, k\u00f6nnen jedoch an der Nasenspitze verbleiben.<\/li>\n<li aria-level=\"1\">Feine Konturen und endg\u00fcltige Anpassungen ben\u00f6tigen Zeit.<\/li>\n<\/ul>\n<p>Bis die Nasenspitze vollst\u00e4ndig abgeheilt und geformt ist, vergeht im Schnitt ein Jahr. Faktoren wie Hautdicke und Gewebe\u00adanpassung spielen hier eine Rolle; komplexe F\u00e4lle k\u00f6nnen bis zu 18 Monate dauern. Kopf hochlagern, schwere Aktivit\u00e4ten meiden und bei Bedarf kalte Kompressen auflegen, beschleunigen die Regeneration.<\/p>\n<h2><span class=\"ez-toc-section\" id=\"Wann_stabilisiert_sich_die_Form_meiner_Nase_nach_einer_Nasen-OP\"><\/span>Wann stabilisiert sich die Form meiner Nase nach einer Nasen-OP?<span class=\"ez-toc-section-end\"><\/span><\/h2>\n<p>Direkt nach dem Eingriff ist die Nase merklich geschwollen. Diese Schwellung nimmt in mehreren Phasen ab:<\/p>\n<ul>\n<li aria-level=\"1\">Nach der ersten Woche ist ein deutlicher R\u00fcckgang erkennbar.<\/li>\n<li aria-level=\"1\">Nach dem ersten Monat sind die Schwellungen gro\u00dfteils abgeklungen, die Nase wirkt bereits feiner.<\/li>\n<li aria-level=\"1\">Nach drei Monaten zeichnet sich die neue Form deutlicher ab.<\/li>\n<li aria-level=\"1\">Nach sechs Monaten sind die Konturen meist gut erkennbar.<\/li>\n<li aria-level=\"1\">Etwa ein Jahr nach der Operation ist die endg\u00fcltige Form erreicht.<\/li>\n<\/ul>\n<h2><span class=\"ez-toc-section\" id=\"Warum_ist_meine_Nasenspitze_nach_der_Operation_so_stark_angehoben\"><\/span>Warum ist meine Nasenspitze nach der Operation so stark angehoben?<span class=\"ez-toc-section-end\"><\/span><\/h2>\n<p>Ein vor\u00fcbergehend angehobener Nasentip ist h\u00e4ufig. Schwellungen sind ein nat\u00fcrlicher Teil des Heilungsprozesses und heben die Spitze zun\u00e4chst an. Chirurg*innen ber\u00fccksichtigen diesen Effekt und platzieren die Spitze absichtlich etwas h\u00f6her, damit sie nach dem Abklingen der Schwellung in die gew\u00fcnschte Position sinkt.<\/p>\n<p><strong>Nasenschienen und Verb\u00e4nde:<\/strong><\/p>\n<ul>\n<li aria-level=\"1\">St\u00fctzen die Nase w\u00e4hrend der Heilung.<\/li>\n<li aria-level=\"1\">Tragen zur Formstabilisierung bei.<\/li>\n<li aria-level=\"1\">Nach Entfernung sinkt die Spitze allm\u00e4hlich.<\/li>\n<\/ul>\n<p><strong>Strukturelle St\u00fctzen:<\/strong><\/p>\n<ul>\n<li aria-level=\"1\">Knorpel- und Nahttechniken optimieren das Ergebnis.<\/li>\n<li aria-level=\"1\">K\u00f6nnen die Spitze vor\u00fcbergehend h\u00f6her halten.<\/li>\n<\/ul>\n<h2><span class=\"ez-toc-section\" id=\"Ist_die_angehobene_Nasenspitze_dauerhaft\"><\/span>Ist die angehobene Nasenspitze dauerhaft?<span class=\"ez-toc-section-end\"><\/span><\/h2>\n<ul>\n<li aria-level=\"1\">In den ersten 2 \u2013 3 Wochen geht die Spitze aufgrund der Schwellungs\u00adabnahme zur\u00fcck.<\/li>\n<li aria-level=\"1\">Die endg\u00fcltige Position wird meist nach 6 \u2013 12 Monaten erreicht.<\/li>\n<\/ul>\n<p>Eine dauerhaft erh\u00f6hte Spitze ist selten. Bei anhaltenden Bedenken sollte die Situation mit der Chirurg*in besprochen werden.<\/p>\n<h2><span class=\"ez-toc-section\" id=\"Wann_sehe_ich_das_endgueltige_Ergebnis_nach_einer_Nasen-OP\"><\/span>Wann sehe ich das endg\u00fcltige Ergebnis nach einer Nasen-OP?<span class=\"ez-toc-section-end\"><\/span><\/h2>\n<p><strong>Erste Woche:<\/strong> Schwellungen und Empfindlichkeit sind ausgepr\u00e4gt, Verb\u00e4nde bleiben sichtbar.<\/p>\n<p><strong>2 \u2013 4 Wochen:<\/strong><\/p>\n<ul>\n<li aria-level=\"1\">Schwellungen und Bluterg\u00fcsse nehmen ab.<\/li>\n<li aria-level=\"1\">Am Monatsende deutliche Entlastung.<\/li>\n<\/ul>\n<p><strong>3 \u2013 6 Monate:<\/strong><\/p>\n<ul>\n<li aria-level=\"1\">Weitere Reduktion der Schwellung.<\/li>\n<li aria-level=\"1\">Konturen werden definierter.<\/li>\n<\/ul>\n<p><strong>9 \u2013 12 Monate:<\/strong><\/p>\n<ul>\n<li aria-level=\"1\">Die Heilung ist abgeschlossen.<\/li>\n<li aria-level=\"1\">Das endg\u00fcltige Ergebnis bleibt bestehen.<\/li>\n<\/ul>\n<h2><span class=\"ez-toc-section\" id=\"Was_kann_ich_gegen_die_Schwellung_der_Nasenspitze_tun\"><\/span>Was kann ich gegen die Schwellung der Nasenspitze tun?<span class=\"ez-toc-section-end\"><\/span><\/h2>\n<ul>\n<li aria-level=\"1\">Beim Schlafen den Kopf erh\u00f6ht lagern.<\/li>\n<li aria-level=\"1\">In den ersten 48 Stunden kalte Kompressen auf die Wangen legen.<\/li>\n<li aria-level=\"1\">Sechs Wochen lang auf schwere Belastungen verzichten.<\/li>\n<li aria-level=\"1\">Ausgewogene Ern\u00e4hrung und ausreichende Fl\u00fcssigkeitszufuhr unterst\u00fctzen die Heilung.<\/li>\n<li aria-level=\"1\">Alle postoperativen Anweisungen strikt befolgen.<\/li>\n<\/ul>\n<h2><span class=\"ez-toc-section\" id=\"Wann_sollte_ich_wegen_einer_angehobenen_Nasenspitze_meine_Aerztin_aufsuchen\"><\/span>Wann sollte ich wegen einer angehobenen Nasenspitze meine \u00c4rzt*in aufsuchen?<span class=\"ez-toc-section-end\"><\/span><\/h2>\n<ul>\n<li aria-level=\"1\">Anhaltende oder zunehmende Schwellung.<\/li>\n<li aria-level=\"1\">Starke oder zunehmende Schmerzen.<\/li>\n<li aria-level=\"1\">Infektionszeichen: R\u00f6tung, Erw\u00e4rmung, Ausfluss.<\/li>\n<li aria-level=\"1\">Atemprobleme.<\/li>\n<li aria-level=\"1\">Unerwartete Formver\u00e4nderungen.<\/li>\n<li aria-level=\"1\">Deutliche Asymmetrie.<\/li>\n<\/ul>\n<h2><span class=\"ez-toc-section\" id=\"Haeufig_gestellte_Fragen\"><\/span>H\u00e4ufig gestellte Fragen<span class=\"ez-toc-section-end\"><\/span><\/h2>\n<p><strong>Wie lange dauert es, bis die Nasenspitze normal aussieht?<\/strong><\/p>\n<p>Rund 80 % der Schwellung gehen in den ersten 4 \u2013 6 Wochen zur\u00fcck; die verbleibenden 20 % bauen sich in den n\u00e4chsten Monaten ab. Die Nasenspitze ist oft der letzte Bereich, der v\u00f6llig abschwillt \u2013 dies kann bis zu einem Jahr oder l\u00e4nger dauern.<\/p>\n<p><strong>Wann stabilisiert sich die Nasenspitze vollst\u00e4ndig?<\/strong><\/p>\n<p>Innerhalb von 6 Wochen stabilisiert sich die Nasenspitze, minimale Ver\u00e4nderungen in Projektion und <a href=\"https:\/\/www.alevcamcioglu.com\/burun-ucu-rotasyonu-nedir\/\">Rotation<\/a> k\u00f6nnen jedoch bis zu 2 Jahre auftreten. Aufgrund von Narbenbildung und Knorpelst\u00fctzen kann die Spitze 9 \u2013 12 Monate etwas fester bleiben.<\/p>\n<p><strong>Welche Methoden sorgen f\u00fcr eine dauerhaft angehobene Nasenspitze?<\/strong><\/p>\n<p>F\u00fcr eine stabile Projektion setzen Chirurg*innen h\u00e4ufig Kolumella-St\u00fctzgrefts, Septumverl\u00e4ngerungs-Grefts oder die Tongue-in-Groove-Technik ein. Die Wahl richtet sich nach Anatomie und gew\u00fcnschtem Ergebnis.<\/p>\n<p><strong>Wie wird eine zu stark angehobene Nasenspitze korrigiert?<\/strong><\/p>\n<p>\u00dcberm\u00e4\u00dfige Projektion l\u00e4sst sich chirurgisch durch Septumverl\u00e4ngerungs-Grefts, Tongue-in-Groove-Technik oder Naht\u00adtechniken anpassen. Die geeignete Methode h\u00e4ngt von der individuellen Anatomie ab.<\/p>\n<p><strong>Was ist w\u00e4hrend der Heilung zur Form\u00adunterst\u00fctzung der Nasenspitze zu beachten?<\/strong><\/p>\n<p>Kopf hochlagern, kalte Kompressen, k\u00f6rperliche Schonung und regelm\u00e4\u00dfige Kontroll\u00adtermine f\u00f6rdern eine komplikationsfreie Heilung und helfen, das gew\u00fcnschte \u00e4sthetische Ergebnis zu erreichen.<\/p>\n","protected":false},"excerpt":{"rendered":"<p>Die Hochstellung der Nasenspitze nach einer Operation ist h\u00e4ufig vor\u00fcbergehend und durch Schwellungen bedingt. Im Verlauf der Heilung sinkt die Spitze allm\u00e4hlich ab, da das Gewebe abschwillt und die Knorpel ihre endg\u00fcltige Position einnehmen. Der Prozess kann mehrere Monate dauern, weshalb das Endergebnis meist erst nach 9 bis 12 Monaten vollst\u00e4ndig sichtbar ist. Geduld und [&#8230;]\n","protected":false},"author":990002,"featured_media":2838,"comment_status":"closed","ping_status":"closed","sticky":false,"template":"","format":"standard","meta":{"footnotes":""},"categories":[78],"tags":[],"class_list":["post-9885","post","type-post","status-publish","format-standard","has-post-thumbnail","hentry","category-nasen-op"],"_links":{"self":[{"href":"https:\/\/www.alevcamcioglu.com\/de\/wp-json\/wp\/v2\/posts\/9885","targetHints":{"allow":["GET"]}}],"collection":[{"href":"https:\/\/www.alevcamcioglu.com\/de\/wp-json\/wp\/v2\/posts"}],"about":[{"href":"https:\/\/www.alevcamcioglu.com\/de\/wp-json\/wp\/v2\/types\/post"}],"author":[{"embeddable":true,"href":"https:\/\/www.alevcamcioglu.com\/de\/wp-json\/wp\/v2\/users\/990002"}],"replies":[{"embeddable":true,"href":"https:\/\/www.alevcamcioglu.com\/de\/wp-json\/wp\/v2\/comments?post=9885"}],"version-history":[{"count":2,"href":"https:\/\/www.alevcamcioglu.com\/de\/wp-json\/wp\/v2\/posts\/9885\/revisions"}],"predecessor-version":[{"id":10685,"href":"https:\/\/www.alevcamcioglu.com\/de\/wp-json\/wp\/v2\/posts\/9885\/revisions\/10685"}],"wp:featuredmedia":[{"embeddable":true,"href":"https:\/\/www.alevcamcioglu.com\/de\/wp-json\/wp\/v2\/media\/2838"}],"wp:attachment":[{"href":"https:\/\/www.alevcamcioglu.com\/de\/wp-json\/wp\/v2\/media?parent=9885"}],"wp:term":[{"taxonomy":"category","embeddable":true,"href":"https:\/\/www.alevcamcioglu.com\/de\/wp-json\/wp\/v2\/categories?post=9885"},{"taxonomy":"post_tag","embeddable":true,"href":"https:\/\/www.alevcamcioglu.com\/de\/wp-json\/wp\/v2\/tags?post=9885"}],"curies":[{"name":"wp","href":"https:\/\/api.w.org\/{rel}","templated":true}]}}