{"id":9884,"date":"2024-07-08T12:20:19","date_gmt":"2024-07-08T12:20:19","guid":{"rendered":"https:\/\/www.alevcamcioglu.com\/?p=9884"},"modified":"2025-08-27T15:13:44","modified_gmt":"2025-08-27T15:13:44","slug":"entsteht-nach-einer-nasen-op-eine-asymmetrie-an-den-nasenfluegeln","status":"publish","type":"post","link":"https:\/\/www.alevcamcioglu.com\/de\/entsteht-nach-einer-nasen-op-eine-asymmetrie-an-den-nasenfluegeln\/","title":{"rendered":"Entsteht nach einer Nasen-OP eine Asymmetrie an den Nasenfl\u00fcgeln?"},"content":{"rendered":"<p><span style=\"font-weight: 400;\">\u00a0Eine Asymmetrie an den Nasenfl\u00fcgeln kann nach einer Nasen-OP auftreten, meist durch Schwellungen oder ungleichm\u00e4\u00dfige Heilung. Diese Ver\u00e4nderungen sind in den ersten Monaten oft vor\u00fcbergehend.<\/span><\/p>\n<p><span style=\"font-weight: 400;\">Ursachen k\u00f6nnen in der individuellen Gewebereaktion, den anatomischen Voraussetzungen oder der gew\u00e4hlten Operationstechnik liegen. Kleine Unterschiede gleichen sich im Verlauf h\u00e4ufig von selbst aus.<\/span><\/p>\n<p><span style=\"font-weight: 400;\">In seltenen F\u00e4llen bleibt eine dauerhafte Asymmetrie bestehen, etwa bei komplexen Korrekturen oder vorbestehenden Fehlstellungen. Dann kann eine Nachkorrektur erwogen werden.<\/span><\/p>\n<p><span style=\"font-weight: 400;\">Patienten sollten den Heilungsprozess abwarten, da das Endergebnis erst nach vollst\u00e4ndiger Abschwellung beurteilt werden kann. Regelm\u00e4\u00dfige Kontrollen sichern eine optimale Begleitung.<\/span><\/p>\n<div id=\"ez-toc-container\" class=\"ez-toc-v2_0_82_2 counter-hierarchy ez-toc-counter ez-toc-grey ez-toc-container-direction\">\n<div class=\"ez-toc-title-container\">\n<p class=\"ez-toc-title\" style=\"cursor:inherit\">Inhaltsverzeichnis<\/p>\n<span class=\"ez-toc-title-toggle\"><a href=\"#\" class=\"ez-toc-pull-right ez-toc-btn ez-toc-btn-xs ez-toc-btn-default ez-toc-toggle\" aria-label=\"Toggle Table of Content\"><span class=\"ez-toc-js-icon-con\"><span class=\"\"><span class=\"eztoc-hide\" style=\"display:none;\">Toggle<\/span><span class=\"ez-toc-icon-toggle-span\"><svg style=\"fill: #999;color:#999\" xmlns=\"http:\/\/www.w3.org\/2000\/svg\" class=\"list-377408\" width=\"20px\" height=\"20px\" viewBox=\"0 0 24 24\" fill=\"none\"><path d=\"M6 6H4v2h2V6zm14 0H8v2h12V6zM4 11h2v2H4v-2zm16 0H8v2h12v-2zM4 16h2v2H4v-2zm16 0H8v2h12v-2z\" fill=\"currentColor\"><\/path><\/svg><svg style=\"fill: #999;color:#999\" class=\"arrow-unsorted-368013\" xmlns=\"http:\/\/www.w3.org\/2000\/svg\" width=\"10px\" height=\"10px\" viewBox=\"0 0 24 24\" version=\"1.2\" baseProfile=\"tiny\"><path d=\"M18.2 9.3l-6.2-6.3-6.2 6.3c-.2.2-.3.4-.3.7s.1.5.3.7c.2.2.4.3.7.3h11c.3 0 .5-.1.7-.3.2-.2.3-.5.3-.7s-.1-.5-.3-.7zM5.8 14.7l6.2 6.3 6.2-6.3c.2-.2.3-.5.3-.7s-.1-.5-.3-.7c-.2-.2-.4-.3-.7-.3h-11c-.3 0-.5.1-.7.3-.2.2-.3.5-.3.7s.1.5.3.7z\"\/><\/svg><\/span><\/span><\/span><\/a><\/span><\/div>\n<nav><ul class='ez-toc-list ez-toc-list-level-1 ' ><li class='ez-toc-page-1 ez-toc-heading-level-2'><a class=\"ez-toc-link ez-toc-heading-1\" href=\"https:\/\/www.alevcamcioglu.com\/de\/entsteht-nach-einer-nasen-op-eine-asymmetrie-an-den-nasenfluegeln\/#Warum_entsteht_nach_einer_Nasen-OP_eine_Asymmetrie_der_Nasenfluegel\" >Warum entsteht nach einer Nasen-OP eine Asymmetrie der Nasenfl\u00fcgel?<\/a><\/li><li class='ez-toc-page-1 ez-toc-heading-level-2'><a class=\"ez-toc-link ez-toc-heading-2\" href=\"https:\/\/www.alevcamcioglu.com\/de\/entsteht-nach-einer-nasen-op-eine-asymmetrie-an-den-nasenfluegeln\/#Beeinflusst_eine_Asymmetrie_der_Nasenfluegel_den_Erfolg_einer_Nasen-OP\" >Beeinflusst eine Asymmetrie der Nasenfl\u00fcgel den Erfolg einer Nasen-OP?<\/a><\/li><li class='ez-toc-page-1 ez-toc-heading-level-2'><a class=\"ez-toc-link ez-toc-heading-3\" href=\"https:\/\/www.alevcamcioglu.com\/de\/entsteht-nach-einer-nasen-op-eine-asymmetrie-an-den-nasenfluegeln\/#Wann_verschwindet_die_Asymmetrie_der_Nasenfluegel_nach_einer_Nasen-OP\" >Wann verschwindet die Asymmetrie der Nasenfl\u00fcgel nach einer Nasen-OP?<\/a><\/li><li class='ez-toc-page-1 ez-toc-heading-level-2'><a class=\"ez-toc-link ez-toc-heading-4\" href=\"https:\/\/www.alevcamcioglu.com\/de\/entsteht-nach-einer-nasen-op-eine-asymmetrie-an-den-nasenfluegeln\/#Korrigiert_sich_die_Asymmetrie_der_Nasenfluegel_nach_einer_Nasen-OP_von_selbst\" >Korrigiert sich die Asymmetrie der Nasenfl\u00fcgel nach einer Nasen-OP von selbst?<\/a><\/li><li class='ez-toc-page-1 ez-toc-heading-level-2'><a class=\"ez-toc-link ez-toc-heading-5\" href=\"https:\/\/www.alevcamcioglu.com\/de\/entsteht-nach-einer-nasen-op-eine-asymmetrie-an-den-nasenfluegeln\/#Wie_laesst_sich_eine_Asymmetrie_der_Nasenfluegel_nach_einer_Nasen-OP_korrigieren\" >Wie l\u00e4sst sich eine Asymmetrie der Nasenfl\u00fcgel nach einer Nasen-OP korrigieren?<\/a><\/li><li class='ez-toc-page-1 ez-toc-heading-level-2'><a class=\"ez-toc-link ez-toc-heading-6\" href=\"https:\/\/www.alevcamcioglu.com\/de\/entsteht-nach-einer-nasen-op-eine-asymmetrie-an-den-nasenfluegeln\/#Erfordert_eine_Asymmetrie_der_Nasenfluegel_nach_einer_Nasen-OP_eine_Revision\" >Erfordert eine Asymmetrie der Nasenfl\u00fcgel nach einer Nasen-OP eine Revision?<\/a><\/li><li class='ez-toc-page-1 ez-toc-heading-level-2'><a class=\"ez-toc-link ez-toc-heading-7\" href=\"https:\/\/www.alevcamcioglu.com\/de\/entsteht-nach-einer-nasen-op-eine-asymmetrie-an-den-nasenfluegeln\/#Wann_sollte_man_bei_einer_Asymmetrie_der_Nasenfluegel_nach_einer_Nasen-OP_aerztliche_Hilfe_suchen\" >Wann sollte man bei einer Asymmetrie der Nasenfl\u00fcgel nach einer Nasen-OP \u00e4rztliche Hilfe suchen?<\/a><\/li><li class='ez-toc-page-1 ez-toc-heading-level-2'><a class=\"ez-toc-link ez-toc-heading-8\" href=\"https:\/\/www.alevcamcioglu.com\/de\/entsteht-nach-einer-nasen-op-eine-asymmetrie-an-den-nasenfluegeln\/#Laesst_sich_eine_Asymmetrie_der_Nasenfluegel_ohne_Operation_korrigieren\" >L\u00e4sst sich eine Asymmetrie der Nasenfl\u00fcgel ohne Operation korrigieren?<\/a><\/li><li class='ez-toc-page-1 ez-toc-heading-level-2'><a class=\"ez-toc-link ez-toc-heading-9\" href=\"https:\/\/www.alevcamcioglu.com\/de\/entsteht-nach-einer-nasen-op-eine-asymmetrie-an-den-nasenfluegeln\/#Haeufig_gestellte_Fragen\" >H\u00e4ufig gestellte Fragen<\/a><\/li><\/ul><\/nav><\/div>\n<h2><span class=\"ez-toc-section\" id=\"Warum_entsteht_nach_einer_Nasen-OP_eine_Asymmetrie_der_Nasenfluegel\"><\/span>Warum entsteht nach einer Nasen-OP eine Asymmetrie der Nasenfl\u00fcgel?<span class=\"ez-toc-section-end\"><\/span><\/h2>\n<p>Eine Asymmetrie der Nasenfl\u00fcgel nach einer Nasen-OP kann durch mehrere Faktoren verursacht werden. Postoperative Schwellungen verteilen sich oft ungleichm\u00e4\u00dfig \u2013 abh\u00e4ngig von der angewandten Operationstechnik und der individuellen Reaktion des Gewebes. Zudem kann sich Narbengewebe w\u00e4hrend der Heilung in unterschiedlichem Ausma\u00df bilden und die Symmetrie beeinflussen.<\/p>\n<ul>\n<li aria-level=\"1\">Schwellung: Eine nat\u00fcrliche Reaktion auf den Eingriff, die in verschiedenen Bereichen unterschiedlich stark ausfallen kann.<\/li>\n<li aria-level=\"1\">Narbengewebe: Kann sich im Laufe der Heilung ungleichm\u00e4\u00dfig entwickeln.<\/li>\n<\/ul>\n<p>Dar\u00fcber hinaus k\u00f6nnen Verb\u00e4nde, N\u00e4hte und Schienen die Nasenl\u00f6cher vor\u00fcbergehend asymmetrisch erscheinen lassen. Der Heilungsprozess verl\u00e4uft bei jeder Person anders; genetische Faktoren und die Reaktionsgeschwindigkeit des Gewebes bestimmen Dauer und Verlauf der Genesung.<\/p>\n<h2><span class=\"ez-toc-section\" id=\"Beeinflusst_eine_Asymmetrie_der_Nasenfluegel_den_Erfolg_einer_Nasen-OP\"><\/span>Beeinflusst eine Asymmetrie der Nasenfl\u00fcgel den Erfolg einer Nasen-OP?<span class=\"ez-toc-section-end\"><\/span><\/h2>\n<p>Eine Asymmetrie der Nasenl\u00f6cher geh\u00f6rt zum normalen Heilungsverlauf einer Nasen-OP. Unterschiedliche Schwellungsgrade und postoperative Unregelm\u00e4\u00dfigkeiten tragen dazu bei. Mit fortschreitender Heilung nimmt die Asymmetrie in der Regel ab und gl\u00e4ttet sich meist innerhalb eines Jahres. Bleibt jedoch eine deutliche Asymmetrie bestehen, k\u00f6nnen zus\u00e4tzliche Korrekturen notwendig sein.<\/p>\n<ul>\n<li aria-level=\"1\">Narbengewebe<\/li>\n<li aria-level=\"1\">Verlust st\u00fctzenden Knorpels<\/li>\n<li aria-level=\"1\">\u00c4nderungen durch vorherige Eingriffe<\/li>\n<\/ul>\n<p>Diese Faktoren erschweren m\u00f6gliche Revisionen. Korrekturen umfassen h\u00e4ufig Knorpeltransplantate oder \u00c4nderungen der Nasenfl\u00fcgelbasis. Eine \u00fcberm\u00e4\u00dfige Verkleinerung der Nasenfl\u00fcgel l\u00e4sst sich dagegen nur schwer beheben. Kontinuierlicher Austausch mit der Chirurg*in hilft, realistische Erwartungen zu setzen.<\/p>\n<h2><span class=\"ez-toc-section\" id=\"Wann_verschwindet_die_Asymmetrie_der_Nasenfluegel_nach_einer_Nasen-OP\"><\/span>Wann verschwindet die Asymmetrie der Nasenfl\u00fcgel nach einer Nasen-OP?<span class=\"ez-toc-section-end\"><\/span><\/h2>\n<p>Die Asymmetrie der Nasenl\u00f6cher ist in den meisten F\u00e4llen vor\u00fcbergehend und bessert sich im Verlauf der Heilung. Postoperatives \u00d6dem und Schwellung verursachen anfangs die sichtbarsten Unterschiede. In den ersten drei Monaten geht der Gro\u00dfteil der Schwellung zur\u00fcck, und die Asymmetrie nimmt deutlich ab.<\/p>\n<ul>\n<li aria-level=\"1\">Innerhalb der ersten sechs Monate verringert sich die Asymmetrie sp\u00fcrbar.<\/li>\n<li aria-level=\"1\">Nach einem Jahr haben die meisten Patient*innen kaum noch Unterschiede zwischen den Nasenl\u00f6chern.<\/li>\n<li aria-level=\"1\">Sp\u00e4testens nach zwei Jahren ist die endg\u00fcltige Form erreicht; verbleibende Abweichungen gleichen sich meist aus.<\/li>\n<\/ul>\n<p>Der Heilungsverlauf ist individuell. Bei anhaltender Asymmetrie kann eine Nachkontrolle sinnvoll sein. Geduld und das Befolgen der \u00e4rztlichen Empfehlungen sind entscheidend.<\/p>\n<h2><span class=\"ez-toc-section\" id=\"Korrigiert_sich_die_Asymmetrie_der_Nasenfluegel_nach_einer_Nasen-OP_von_selbst\"><\/span>Korrigiert sich die Asymmetrie der Nasenfl\u00fcgel nach einer Nasen-OP von selbst?<span class=\"ez-toc-section-end\"><\/span><\/h2>\n<p>In den meisten F\u00e4llen ja: Die anf\u00e4ngliche Asymmetrie geht auf Schwellungen und den unterschiedlichen Heilungsverlauf der Gewebe zur\u00fcck. Bereits nach dem ersten Monat nimmt die Schwellung deutlich ab, und die Asymmetrie wird geringer. Innerhalb eines Jahres legen sich die Gewebe an und formen eine ausgewogenere Nasenstruktur.<\/p>\n<ul>\n<li aria-level=\"1\">Zu Beginn der Heilung ist die Asymmetrie am auff\u00e4lligsten.<\/li>\n<li aria-level=\"1\">Nach dem ersten Monat reduziert sich die Schwellung, und die Symmetrie verbessert sich.<\/li>\n<li aria-level=\"1\">Bis zum Jahresende erscheint die Nase deutlich ausgeglichener.<\/li>\n<\/ul>\n<p>Bleiben Asymmetrien bestehen, sollte dies mit der Chirurg*in besprochen werden. Gegebenenfalls sind korrigierende Eingriffe m\u00f6glich.<\/p>\n<h2><span class=\"ez-toc-section\" id=\"Wie_laesst_sich_eine_Asymmetrie_der_Nasenfluegel_nach_einer_Nasen-OP_korrigieren\"><\/span>Wie l\u00e4sst sich eine Asymmetrie der Nasenfl\u00fcgel nach einer Nasen-OP korrigieren?<span class=\"ez-toc-section-end\"><\/span><\/h2>\n<p>Leichtere Asymmetrien k\u00f6nnen ohne Operation behandelt werden, etwa durch den Einsatz von F\u00fcllmaterialien, die gezielt in ungleichm\u00e4\u00dfige Bereiche injiziert werden. Diese L\u00f6sung ist schnell, jedoch tempor\u00e4r.<\/p>\n<ul>\n<li aria-level=\"1\">Filler mit Hyalurons\u00e4ure gleichen kleine Unterschiede aus.<\/li>\n<\/ul>\n<p>Deutlichere Abweichungen erfordern unter Umst\u00e4nden einen chirurgischen Revisionseingriff:<\/p>\n<ul>\n<li aria-level=\"1\">Knorpeltransplantate f\u00fcllen fehlende Strukturen auf.<\/li>\n<li aria-level=\"1\">Alar-Basis-Modifikationen gleichen die Breite der Nasenfl\u00fcgel an.<\/li>\n<li aria-level=\"1\">Korrekturen an der Columella harmonisieren Unterschiede zwischen den Nasenl\u00f6chern.<\/li>\n<\/ul>\n<p>Eine konsequente postoperative Pflege unterst\u00fctzt die Ergebnisse, da die Schwellung mit der Zeit weiter abnimmt. Kommunikation mit der Chirurg*in bleibt dabei essenziell.<\/p>\n<h2><span class=\"ez-toc-section\" id=\"Erfordert_eine_Asymmetrie_der_Nasenfluegel_nach_einer_Nasen-OP_eine_Revision\"><\/span>Erfordert eine Asymmetrie der Nasenfl\u00fcgel nach einer Nasen-OP eine Revision?<span class=\"ez-toc-section-end\"><\/span><\/h2>\n<p>Eine Asymmetrie wird in den ersten Monaten nach einer Nasen-OP h\u00e4ufig beobachtet und normalisiert sich meist von selbst. Persistiert sie jedoch \u00fcber sechs Monate hinaus, empfiehlt sich eine erneute Beurteilung.<\/p>\n<ul>\n<li aria-level=\"1\">Heilungsdauer<\/li>\n<li aria-level=\"1\">Bestehende anatomische Besonderheiten<\/li>\n<li aria-level=\"1\">Eingesetzte Operationstechniken<\/li>\n<\/ul>\n<p>Eine Revision kann aus \u00e4sthetischen oder funktionellen Gr\u00fcnden n\u00f6tig sein. In manchen F\u00e4llen bieten Filler tempor\u00e4re L\u00f6sungen, doch f\u00fcr dauerhafte Ergebnisse ist oft eine chirurgische Korrektur erforderlich. Erfahrene Chirurg*innen bewerten, ob die Asymmetrie durch verbleibende Schwellung oder durch ein strukturelles Problem bedingt ist.<\/p>\n<h2><span class=\"ez-toc-section\" id=\"Wann_sollte_man_bei_einer_Asymmetrie_der_Nasenfluegel_nach_einer_Nasen-OP_aerztliche_Hilfe_suchen\"><\/span>Wann sollte man bei einer Asymmetrie der Nasenfl\u00fcgel nach einer Nasen-OP \u00e4rztliche Hilfe suchen?<span class=\"ez-toc-section-end\"><\/span><\/h2>\n<ul>\n<li aria-level=\"1\">Anhaltende Asymmetrie l\u00e4nger als ein Jahr<\/li>\n<li aria-level=\"1\">Deutliche Asymmetrie ohne Besserung in den ersten Monaten<\/li>\n<li aria-level=\"1\">Atembeschwerden durch ein oder beide Nasenl\u00f6cher<\/li>\n<li aria-level=\"1\">Dauerhafte Schmerzen oder erhebliche Beschwerden<\/li>\n<li aria-level=\"1\">Offensichtliche Deformit\u00e4ten, die sich nicht zur\u00fcckbilden<\/li>\n<li aria-level=\"1\">Anzeichen einer Infektion: R\u00f6tung, Schwellung, Erw\u00e4rmung oder Ausfluss<\/li>\n<\/ul>\n<p>Diese Symptome erfordern eine \u00e4rztliche Untersuchung, um m\u00f6gliche Komplikationen fr\u00fchzeitig zu erkennen und zu behandeln.<\/p>\n<h2><span class=\"ez-toc-section\" id=\"Laesst_sich_eine_Asymmetrie_der_Nasenfluegel_ohne_Operation_korrigieren\"><\/span>L\u00e4sst sich eine Asymmetrie der Nasenfl\u00fcgel ohne Operation korrigieren?<span class=\"ez-toc-section-end\"><\/span><\/h2>\n<p>Ja. Eine <em>fl\u00fcssige Nasen-OP<\/em> mit Hyalurons\u00e4ure-Fillern kann eine Asymmetrie der Nasenl\u00f6cher ausgleichen. Dabei werden Filler pr\u00e4zise injiziert, um Volumenunterschiede anzugleichen. Das Ergebnis h\u00e4lt in der Regel bis zu einem Jahr und ist minimalinvasiv.<\/p>\n<ul>\n<li aria-level=\"1\">Hyalurons\u00e4ure-Filler<\/li>\n<li aria-level=\"1\">Gezielte Injektion zur Symmetrie<\/li>\n<li aria-level=\"1\">Ergebnis meist bis zu 12 Monate<\/li>\n<\/ul>\n<p>Diese Methode kann jedoch keine dauerhafte L\u00f6sung f\u00fcr alle F\u00e4lle bieten. Eine Konsultation mit einer erfahrenen Fach\u00e4rzt*in kl\u00e4rt, ob eine nicht-chirurgische Behandlung geeignet ist oder ob ein chirurgischer Eingriff notwendig w\u00e4re.<\/p>\n<h2><span class=\"ez-toc-section\" id=\"Haeufig_gestellte_Fragen\"><\/span>H\u00e4ufig gestellte Fragen<span class=\"ez-toc-section-end\"><\/span><\/h2>\n<p><strong>Wie hoch ist das Risiko einer Asymmetrie nach einer Nasen-OP?<\/strong><\/p>\n<p>Da die meisten Menschen bereits vor dem Eingriff eine gewisse Gesichtsasymmetrie aufweisen, ist ein gewisses Risiko f\u00fcr postoperative Asymmetrien gegeben. Studien berichten, dass pr\u00e4operative Anomalien wie abweichende Nasenspitzen oder Nasenfl\u00fcgel bei bis zu 70 % der Patient*innen vorhanden sind und das Ergebnis beeinflussen k\u00f6nnen.<\/p>\n<p><strong>Ist bei Asymmetrien immer eine Korrektur-OP erforderlich?<\/strong><\/p>\n<p>Oft gen\u00fcgt Geduld, da sich leichte Asymmetrien innerhalb des ersten Jahres zur\u00fcckbilden. Besteht eine deutliche oder funktionell relevante Asymmetrie dauerhaft, kann eine Revision erforderlich sein. Die Revionsrate liegt je nach Studie zwischen 5 % und 15,5 %.<\/p>\n<p><strong>Welche Techniken setzen Chirurg\\*innen zur Vermeidung von Asymmetrien ein?<\/strong><\/p>\n<p>W\u00e4hrend der Nasen-OP k\u00f6nnen Alar-Basis-Reduktionen, gezielte Exzisionen oder Symmetrisierungsn\u00e4hte angewendet werden. Diese Verfahren helfen, die Breite der Nasenfl\u00fcgel anzupassen und eine harmonische Form zu erreichen.<\/p>\n<p><strong>Bildet sich eine leichte Asymmetrie von selbst zur\u00fcck?<\/strong><\/p>\n<p>In der Regel ja. Die durch Schwellungen bedingten Unterschiede nehmen in den ersten Wochen sichtbar ab. Der Heilungsprozess dauert jedoch bis zu einem Jahr, bis das endg\u00fcltige Ergebnis erreicht ist.<\/p>\n<p><strong>Wie bleibt die Form der Nasenfl\u00fcgel nach der OP erhalten?<\/strong><\/p>\n<p>Mithilfe pr\u00e4ziser chirurgischer Techniken wie einer moderaten Alar-Basis-Reduktion und sorgf\u00e4ltiger Nahtf\u00fchrung wird ein dauerhaft stabiles und symmetrisches Ergebnis angestrebt. Eine konservative Gewebeabtragung beugt unnat\u00fcrlichen Resultaten vor, w\u00e4hrend bei Bedarf Knorpelgrefts zus\u00e4tzlichen Halt bieten.<\/p>\n","protected":false},"excerpt":{"rendered":"<p>\u00a0Eine Asymmetrie an den Nasenfl\u00fcgeln kann nach einer Nasen-OP auftreten, meist durch Schwellungen oder ungleichm\u00e4\u00dfige Heilung. Diese Ver\u00e4nderungen sind in den ersten Monaten oft vor\u00fcbergehend. Ursachen k\u00f6nnen in der individuellen Gewebereaktion, den anatomischen Voraussetzungen oder der gew\u00e4hlten Operationstechnik liegen. Kleine Unterschiede gleichen sich im Verlauf h\u00e4ufig von selbst aus. In seltenen F\u00e4llen bleibt eine dauerhafte [&#8230;]\n","protected":false},"author":990002,"featured_media":2832,"comment_status":"closed","ping_status":"closed","sticky":false,"template":"","format":"standard","meta":{"footnotes":""},"categories":[78],"tags":[],"class_list":["post-9884","post","type-post","status-publish","format-standard","has-post-thumbnail","hentry","category-nasen-op"],"_links":{"self":[{"href":"https:\/\/www.alevcamcioglu.com\/de\/wp-json\/wp\/v2\/posts\/9884","targetHints":{"allow":["GET"]}}],"collection":[{"href":"https:\/\/www.alevcamcioglu.com\/de\/wp-json\/wp\/v2\/posts"}],"about":[{"href":"https:\/\/www.alevcamcioglu.com\/de\/wp-json\/wp\/v2\/types\/post"}],"author":[{"embeddable":true,"href":"https:\/\/www.alevcamcioglu.com\/de\/wp-json\/wp\/v2\/users\/990002"}],"replies":[{"embeddable":true,"href":"https:\/\/www.alevcamcioglu.com\/de\/wp-json\/wp\/v2\/comments?post=9884"}],"version-history":[{"count":2,"href":"https:\/\/www.alevcamcioglu.com\/de\/wp-json\/wp\/v2\/posts\/9884\/revisions"}],"predecessor-version":[{"id":10535,"href":"https:\/\/www.alevcamcioglu.com\/de\/wp-json\/wp\/v2\/posts\/9884\/revisions\/10535"}],"wp:featuredmedia":[{"embeddable":true,"href":"https:\/\/www.alevcamcioglu.com\/de\/wp-json\/wp\/v2\/media\/2832"}],"wp:attachment":[{"href":"https:\/\/www.alevcamcioglu.com\/de\/wp-json\/wp\/v2\/media?parent=9884"}],"wp:term":[{"taxonomy":"category","embeddable":true,"href":"https:\/\/www.alevcamcioglu.com\/de\/wp-json\/wp\/v2\/categories?post=9884"},{"taxonomy":"post_tag","embeddable":true,"href":"https:\/\/www.alevcamcioglu.com\/de\/wp-json\/wp\/v2\/tags?post=9884"}],"curies":[{"name":"wp","href":"https:\/\/api.w.org\/{rel}","templated":true}]}}