{"id":9882,"date":"2024-07-08T12:19:46","date_gmt":"2024-07-08T09:19:46","guid":{"rendered":"https:\/\/www.alevcamcioglu.com\/?p=9882"},"modified":"2025-08-27T18:16:04","modified_gmt":"2025-08-27T18:16:04","slug":"nach-einer-nasen-op-kann-ich-nicht-mehr-wie-frueher-atmen-was-soll-ich-tun","status":"publish","type":"post","link":"https:\/\/www.alevcamcioglu.com\/de\/nach-einer-nasen-op-kann-ich-nicht-mehr-wie-frueher-atmen-was-soll-ich-tun\/","title":{"rendered":"Nach einer Nasen-OP kann ich nicht mehr wie fr\u00fcher atmen. Was soll ich tun?"},"content":{"rendered":"<p><span style=\"font-weight: 400;\">\u00a0Atembeschwerden nach einer Nasen-OP k\u00f6nnen durch Schwellungen, Krustenbildung oder innere Vernarbungen entstehen. In den ersten Wochen ist dies meist ein normaler Heilungsprozess. H\u00e4lt die Einschr\u00e4nkung l\u00e4nger an, sollte eine \u00e4rztliche Kontrolle erfolgen.<\/span><\/p>\n<p><span style=\"font-weight: 400;\">Schwellungen der Schleimhaut f\u00fchren vor\u00fcbergehend zu verengten Atemwegen. Regelm\u00e4\u00dfige Sp\u00fclungen mit Kochsalzl\u00f6sung k\u00f6nnen die Heilung unterst\u00fctzen und die Atmung erleichtern. Diese Ma\u00dfnahmen sind fester Bestandteil der Nachsorge.<\/span><\/p>\n<p><span style=\"font-weight: 400;\">Wenn Narbengewebe oder eine Septumabweichung die Ursache sind, kann eine Nachkorrektur notwendig werden. Eine genaue endoskopische Untersuchung gibt Aufschluss \u00fcber die zugrunde liegenden Ver\u00e4nderungen.<\/span><\/p>\n<p><span style=\"font-weight: 400;\">Patienten sollten Beschwerden nicht ignorieren. Fr\u00fchzeitige Behandlung verhindert eine chronische Beeintr\u00e4chtigung der Nasenfunktion und tr\u00e4gt zu einem besseren Langzeitergebnis der Operation bei.<\/span><\/p>\n<div id=\"ez-toc-container\" class=\"ez-toc-v2_0_82_2 counter-hierarchy ez-toc-counter ez-toc-grey ez-toc-container-direction\">\n<div class=\"ez-toc-title-container\">\n<p class=\"ez-toc-title\" style=\"cursor:inherit\">Inhaltsverzeichnis<\/p>\n<span class=\"ez-toc-title-toggle\"><a href=\"#\" class=\"ez-toc-pull-right ez-toc-btn ez-toc-btn-xs ez-toc-btn-default ez-toc-toggle\" aria-label=\"Toggle Table of Content\"><span class=\"ez-toc-js-icon-con\"><span class=\"\"><span class=\"eztoc-hide\" style=\"display:none;\">Toggle<\/span><span class=\"ez-toc-icon-toggle-span\"><svg style=\"fill: #999;color:#999\" xmlns=\"http:\/\/www.w3.org\/2000\/svg\" class=\"list-377408\" width=\"20px\" height=\"20px\" viewBox=\"0 0 24 24\" fill=\"none\"><path d=\"M6 6H4v2h2V6zm14 0H8v2h12V6zM4 11h2v2H4v-2zm16 0H8v2h12v-2zM4 16h2v2H4v-2zm16 0H8v2h12v-2z\" fill=\"currentColor\"><\/path><\/svg><svg style=\"fill: #999;color:#999\" class=\"arrow-unsorted-368013\" xmlns=\"http:\/\/www.w3.org\/2000\/svg\" width=\"10px\" height=\"10px\" viewBox=\"0 0 24 24\" version=\"1.2\" baseProfile=\"tiny\"><path d=\"M18.2 9.3l-6.2-6.3-6.2 6.3c-.2.2-.3.4-.3.7s.1.5.3.7c.2.2.4.3.7.3h11c.3 0 .5-.1.7-.3.2-.2.3-.5.3-.7s-.1-.5-.3-.7zM5.8 14.7l6.2 6.3 6.2-6.3c.2-.2.3-.5.3-.7s-.1-.5-.3-.7c-.2-.2-.4-.3-.7-.3h-11c-.3 0-.5.1-.7.3-.2.2-.3.5-.3.7s.1.5.3.7z\"\/><\/svg><\/span><\/span><\/span><\/a><\/span><\/div>\n<nav><ul class='ez-toc-list ez-toc-list-level-1 ' ><li class='ez-toc-page-1 ez-toc-heading-level-2'><a class=\"ez-toc-link ez-toc-heading-1\" href=\"https:\/\/www.alevcamcioglu.com\/de\/nach-einer-nasen-op-kann-ich-nicht-mehr-wie-frueher-atmen-was-soll-ich-tun\/#Warum_tritt_nach_einer_Nasen-OP_Atemnot_auf\" >Warum tritt nach einer Nasen-OP Atemnot auf?<\/a><\/li><li class='ez-toc-page-1 ez-toc-heading-level-2'><a class=\"ez-toc-link ez-toc-heading-2\" href=\"https:\/\/www.alevcamcioglu.com\/de\/nach-einer-nasen-op-kann-ich-nicht-mehr-wie-frueher-atmen-was-soll-ich-tun\/#Wann_verschwinden_Atemprobleme\" >Wann verschwinden Atemprobleme?<\/a><\/li><li class='ez-toc-page-1 ez-toc-heading-level-2'><a class=\"ez-toc-link ez-toc-heading-3\" href=\"https:\/\/www.alevcamcioglu.com\/de\/nach-einer-nasen-op-kann-ich-nicht-mehr-wie-frueher-atmen-was-soll-ich-tun\/#Beeintraechtigt_eine_Nasen-OP_die_Atmung_dauerhaft\" >Beeintr\u00e4chtigt eine Nasen-OP die Atmung dauerhaft?<\/a><\/li><li class='ez-toc-page-1 ez-toc-heading-level-2'><a class=\"ez-toc-link ez-toc-heading-4\" href=\"https:\/\/www.alevcamcioglu.com\/de\/nach-einer-nasen-op-kann-ich-nicht-mehr-wie-frueher-atmen-was-soll-ich-tun\/#Welche_Uebungen_erleichtern_das_Atmen_nach_einer_Nasen-OP\" >Welche \u00dcbungen erleichtern das Atmen nach einer Nasen-OP?<\/a><\/li><li class='ez-toc-page-1 ez-toc-heading-level-2'><a class=\"ez-toc-link ez-toc-heading-5\" href=\"https:\/\/www.alevcamcioglu.com\/de\/nach-einer-nasen-op-kann-ich-nicht-mehr-wie-frueher-atmen-was-soll-ich-tun\/#Bedeuten_Atemprobleme_ein_Scheitern_der_Nasen-OP\" >Bedeuten Atemprobleme ein Scheitern der Nasen-OP?<\/a><\/li><li class='ez-toc-page-1 ez-toc-heading-level-2'><a class=\"ez-toc-link ez-toc-heading-6\" href=\"https:\/\/www.alevcamcioglu.com\/de\/nach-einer-nasen-op-kann-ich-nicht-mehr-wie-frueher-atmen-was-soll-ich-tun\/#Wann_sollte_man_bei_Atemproblemen_die_Aerztin_aufsuchen\" >Wann sollte man bei Atemproblemen die \u00c4rzt*in aufsuchen?<\/a><\/li><\/ul><\/nav><\/div>\n<h2><span class=\"ez-toc-section\" id=\"Warum_tritt_nach_einer_Nasen-OP_Atemnot_auf\"><\/span>Warum tritt nach einer Nasen-OP Atemnot auf?<span class=\"ez-toc-section-end\"><\/span><\/h2>\n<p><a href=\"https:\/\/www.alevcamcioglu.com\/burun-estetigi\/\">Nasen-OP<\/a> bedingte Atemnot entsteht in der Regel aus mehreren Gr\u00fcnden. Eine postoperative Verengung der Naseng\u00e4nge ist in den ersten Wochen normal. Die vorgenommenen Korrekturen bewirken vor\u00fcbergehend eine Verkleinerung der inneren Nasenoberfl\u00e4chen, die sich im Laufe der Heilung wieder erweitert. Zu Beginn erschweren innere Schienen und Tamponaden den Luftstrom. Nach deren Entfernung stellt sich meist eine deutliche Erleichterung ein.<\/p>\n<ul>\n<li aria-level=\"1\">Postoperative Schwellung: Entz\u00fcndungsbedingte Schwellungen verengen die Naseng\u00e4nge vor\u00fcbergehend.<\/li>\n<li aria-level=\"1\">Innere Schienen und Tamponaden: Sie stabilisieren die neue Nasenform, behindern jedoch den Luftstrom.<\/li>\n<li aria-level=\"1\">Innere Narben und Krusten: Diese k\u00f6nnen das Atmen w\u00e4hrend des Heilungsprozesses zus\u00e4tzlich erschweren.<\/li>\n<\/ul>\n<p>Innerhalb der ersten Monate sollten sich die Naseng\u00e4nge wieder normal weiten. Medikamente und Pflegeroutinen beschleunigen diesen Prozess. Dank moderner Operationstechniken sind dauerhafte Verengungen selten. Die meisten Patient*innen erfahren nach 8 \u2013 12 Wochen eine deutliche Atemverbesserung. Geduld und strikte Befolgung der \u00e4rztlichen Anweisungen sind entscheidend f\u00fcr eine erfolgreiche Genesung.<\/p>\n<h2><span class=\"ez-toc-section\" id=\"Wann_verschwinden_Atemprobleme\"><\/span>Wann verschwinden Atemprobleme?<span class=\"ez-toc-section-end\"><\/span><\/h2>\n<p>Atembeschwerden nach einer Nasen-OP sind meist vor\u00fcbergehend; die Genesung dauert einige Wochen bis Monate. Die postoperative Verstopfung resultiert aus Schwellungen und \u00d6demen im Inneren der Nase. In den ersten zwei Wochen sind diese am st\u00e4rksten, wodurch das Atmen erschwert sein kann. Ab der sechsten Woche zeigt sich meist eine sp\u00fcrbare Besserung.<\/p>\n<ul>\n<li aria-level=\"1\">Erste zwei Wochen: Schwellungen und \u00d6deme erreichen ihr Maximum; das Atmen ist erschwert.<\/li>\n<li aria-level=\"1\">Sechste Woche: Die inneren Gewebe beginnen zu heilen; die Atmung verbessert sich.<\/li>\n<li aria-level=\"1\">Dritter Monat: In den meisten F\u00e4llen sind Atemprobleme weitgehend behoben.<\/li>\n<\/ul>\n<p>L\u00e4nger anhaltende Beschwerden k\u00f6nnen von Umfang und Art der strukturellen Ver\u00e4nderungen abh\u00e4ngen. Kochsalzsprays und Luftbefeuchter lindern Unannehmlichkeiten. Die Einhaltung der Pflegeanweisungen und regelm\u00e4\u00dfige Kontrolltermine f\u00f6rdern die Heilung. Sollten Atemprobleme l\u00e4nger als erwartet anhalten, ist eine erneute \u00e4rztliche Abkl\u00e4rung ratsam.<\/p>\n<h2><span class=\"ez-toc-section\" id=\"Beeintraechtigt_eine_Nasen-OP_die_Atmung_dauerhaft\"><\/span>Beeintr\u00e4chtigt eine Nasen-OP die Atmung dauerhaft?<span class=\"ez-toc-section-end\"><\/span><\/h2>\n<p>Einige Patient*innen erleben nach der Nasen-OP Atembeschwerden. <a href=\"https:\/\/www.medicalnewstoday.com\/articles\/nose-surgery-for-breathing#summary\" target=\"_blank\" rel=\"noopener\">Diese sind in der Regel vor\u00fcbergehend und h\u00e4ngen mit dem Heilungsprozess zusammen.<\/a> Dauerhafte Probleme sind selten, k\u00f6nnen jedoch auftreten:<\/p>\n<ul>\n<li aria-level=\"1\">Empty Nose Syndrome: Zu starkes Entfernen von Gewebe beeintr\u00e4chtigt Luftstrom und Schleimhautfunktion.<\/li>\n<li aria-level=\"1\">Narbenbildung: Fehlende Regeneration kann die Naseng\u00e4nge verengen und das Atmen erschweren.<\/li>\n<li aria-level=\"1\">Verschobene Knochen oder Knorpel: Fehlende Ausrichtung kann den Luftstrom beeintr\u00e4chtigen.<\/li>\n<\/ul>\n<p>Regelm\u00e4\u00dfige Nachsorge und sofortige R\u00fccksprache mit der Chirurg*in bei Auff\u00e4lligkeiten sind daher unerl\u00e4sslich. Bestehen Atemprobleme fort, k\u00f6nnen zus\u00e4tzliche Behandlungen notwendig sein. Eine sorgf\u00e4ltige Beobachtung des postoperativen Verlaufs ist entscheidend.<\/p>\n<h2><span class=\"ez-toc-section\" id=\"Welche_Uebungen_erleichtern_das_Atmen_nach_einer_Nasen-OP\"><\/span>Welche \u00dcbungen erleichtern das Atmen nach einer Nasen-OP?<span class=\"ez-toc-section-end\"><\/span><\/h2>\n<p>Speziell nach \u00e4rztlicher Freigabe k\u00f6nnen Atem\u00fcbungen den Komfort erh\u00f6hen und die Heilung unterst\u00fctzen:<\/p>\n<ul>\n<li aria-level=\"1\">Zwerchfellatmung: Mehrmals t\u00e4glich tief durch das Zwerchfell atmen; verbessert die Lungenkapazit\u00e4t.<\/li>\n<li aria-level=\"1\">Wechselatmung: Abwechselnd ein Nasenloch schlie\u00dfen und durch das andere einatmen; reinigt die Naseng\u00e4nge.<\/li>\n<li aria-level=\"1\">Lippenbremse: Mit gespitzten Lippen langsam ausatmen; kontrolliert den Atemfluss.<\/li>\n<li aria-level=\"1\">Leichte Aerobic: Spazieren f\u00f6rdert die Durchblutung und Sauerstoffversorgung der Gewebe.<\/li>\n<li aria-level=\"1\">Dampfinhalation: Wasserdampf befeuchtet die Schleimh\u00e4ute und lindert Verstopfung.<\/li>\n<\/ul>\n<p>Diese \u00dcbungen unterst\u00fctzen eine effiziente Atmung und sollten nur in Absprache mit der \u00c4rzt*in begonnen werden.<\/p>\n<h2><span class=\"ez-toc-section\" id=\"Bedeuten_Atemprobleme_ein_Scheitern_der_Nasen-OP\"><\/span>Bedeuten Atemprobleme ein Scheitern der Nasen-OP?<span class=\"ez-toc-section-end\"><\/span><\/h2>\n<p>Atembeschwerden nach einer Nasen-OP sind meist tempor\u00e4r; Schwellungen im Naseninneren erschweren das Atmen. Diese klingen f\u00fcr gew\u00f6hnlich innerhalb von 6 \u2013 12 Wochen ab. <a href=\"https:\/\/www.realself.com\/question\/long-breathing-difficulty-persist-after-rhinoplasty\" target=\"_blank\" rel=\"noopener\">Anhaltende Probleme k\u00f6nnen jedoch auf ernstere Komplikationen hinweisen:<\/a><\/p>\n<ul>\n<li aria-level=\"1\">Nasenscheidewandverkr\u00fcmmung<\/li>\n<li aria-level=\"1\"><a href=\"https:\/\/www.alevcamcioglu.com\/burun-ameliyati-sonrasi-burunda-cokme-meydana-gelir-mi\/\">Einsturz der Nasenklappe<\/a><\/li>\n<li aria-level=\"1\">\u00dcberm\u00e4\u00dfige Gewebeentfernung<\/li>\n<\/ul>\n<p>Persistieren die Beschwerden \u00fcber den \u00fcblichen Heilungszeitraum hinaus oder verschlimmern sie sich, ist ein erneuter Termin bei der Chirurg*in ratsam. Dort wird gepr\u00fcft, ob strukturelle Probleme vorliegen und ob eine Korrektur n\u00f6tig ist.<\/p>\n<h2><span class=\"ez-toc-section\" id=\"Wann_sollte_man_bei_Atemproblemen_die_Aerztin_aufsuchen\"><\/span>Wann sollte man bei Atemproblemen die \u00c4rzt*in aufsuchen?<span class=\"ez-toc-section-end\"><\/span><\/h2>\n<p>Atemprobleme nach einer Nasen-OP sind ein wichtiger Gesundheitsindikator. Patient*innen sollten umgehend \u00e4rztliche Hilfe suchen, wenn sie folgende Symptome bemerken:<\/p>\n<ul>\n<li aria-level=\"1\">Anhaltende Atemnot trotz fortschreitender Heilung<\/li>\n<li aria-level=\"1\">Starke oder langanhaltende Schmerzen bzw. Schwellungen<\/li>\n<li aria-level=\"1\">Au\u00dfergew\u00f6hnliche oder \u00fcberm\u00e4\u00dfige Blutungen<\/li>\n<li aria-level=\"1\">Fieber als m\u00f6gliches Infektionszeichen<\/li>\n<li aria-level=\"1\"><a href=\"https:\/\/www.alevcamcioglu.com\/burun-estetigi-sonrasi-koku-alma-kaybi-yasanir-mi\/\">Deutliche Ver\u00e4nderungen des Geruchssinns<\/a><\/li>\n<li aria-level=\"1\">Schlafst\u00f6rungen und st\u00e4ndiges Verstopfungsgef\u00fchl<\/li>\n<li aria-level=\"1\">Bl\u00e4uliche Verf\u00e4rbungen von Haut oder Lippen<\/li>\n<li aria-level=\"1\">Beschleunigte Herz- oder Atemfrequenz<\/li>\n<\/ul>\n<p>Fr\u00fche \u00e4rztliche Intervention reduziert Komplikationsrisiken und unterst\u00fctzt eine gesunde Genesung.<\/p>\n","protected":false},"excerpt":{"rendered":"<p>\u00a0Atembeschwerden nach einer Nasen-OP k\u00f6nnen durch Schwellungen, Krustenbildung oder innere Vernarbungen entstehen. In den ersten Wochen ist dies meist ein normaler Heilungsprozess. H\u00e4lt die Einschr\u00e4nkung l\u00e4nger an, sollte eine \u00e4rztliche Kontrolle erfolgen. Schwellungen der Schleimhaut f\u00fchren vor\u00fcbergehend zu verengten Atemwegen. Regelm\u00e4\u00dfige Sp\u00fclungen mit Kochsalzl\u00f6sung k\u00f6nnen die Heilung unterst\u00fctzen und die Atmung erleichtern. Diese Ma\u00dfnahmen sind [&#8230;]\n","protected":false},"author":990002,"featured_media":2868,"comment_status":"closed","ping_status":"closed","sticky":false,"template":"","format":"standard","meta":{"footnotes":""},"categories":[78],"tags":[],"class_list":["post-9882","post","type-post","status-publish","format-standard","has-post-thumbnail","hentry","category-nasen-op"],"_links":{"self":[{"href":"https:\/\/www.alevcamcioglu.com\/de\/wp-json\/wp\/v2\/posts\/9882","targetHints":{"allow":["GET"]}}],"collection":[{"href":"https:\/\/www.alevcamcioglu.com\/de\/wp-json\/wp\/v2\/posts"}],"about":[{"href":"https:\/\/www.alevcamcioglu.com\/de\/wp-json\/wp\/v2\/types\/post"}],"author":[{"embeddable":true,"href":"https:\/\/www.alevcamcioglu.com\/de\/wp-json\/wp\/v2\/users\/990002"}],"replies":[{"embeddable":true,"href":"https:\/\/www.alevcamcioglu.com\/de\/wp-json\/wp\/v2\/comments?post=9882"}],"version-history":[{"count":2,"href":"https:\/\/www.alevcamcioglu.com\/de\/wp-json\/wp\/v2\/posts\/9882\/revisions"}],"predecessor-version":[{"id":10668,"href":"https:\/\/www.alevcamcioglu.com\/de\/wp-json\/wp\/v2\/posts\/9882\/revisions\/10668"}],"wp:featuredmedia":[{"embeddable":true,"href":"https:\/\/www.alevcamcioglu.com\/de\/wp-json\/wp\/v2\/media\/2868"}],"wp:attachment":[{"href":"https:\/\/www.alevcamcioglu.com\/de\/wp-json\/wp\/v2\/media?parent=9882"}],"wp:term":[{"taxonomy":"category","embeddable":true,"href":"https:\/\/www.alevcamcioglu.com\/de\/wp-json\/wp\/v2\/categories?post=9882"},{"taxonomy":"post_tag","embeddable":true,"href":"https:\/\/www.alevcamcioglu.com\/de\/wp-json\/wp\/v2\/tags?post=9882"}],"curies":[{"name":"wp","href":"https:\/\/api.w.org\/{rel}","templated":true}]}}