{"id":9822,"date":"2024-06-24T11:58:30","date_gmt":"2024-06-24T11:58:30","guid":{"rendered":"https:\/\/www.alevcamcioglu.com\/?p=9822"},"modified":"2025-08-27T18:09:08","modified_gmt":"2025-08-27T18:09:08","slug":"veraendert-sich-meine-stimme-nach-einer-nasen-op","status":"publish","type":"post","link":"https:\/\/www.alevcamcioglu.com\/de\/veraendert-sich-meine-stimme-nach-einer-nasen-op\/","title":{"rendered":"Ver\u00e4ndert sich meine Stimme nach einer Nasen-OP?"},"content":{"rendered":"<p><span style=\"font-weight: 400;\">Nach einer Nasenoperation kann sich die Stimme vor\u00fcbergehend ver\u00e4ndern. Ursachen sind Schwellungen, Verkrustungen oder eine ver\u00e4nderte Resonanz in den Naseng\u00e4ngen.<\/span><\/p>\n<p><span style=\"font-weight: 400;\">In den meisten F\u00e4llen normalisiert sich die Stimme nach Abklingen der Heilungsphase. Dauerhafte Ver\u00e4nderungen treten selten auf und h\u00e4ngen meist von funktionellen Eingriffen an der Nasenscheidewand ab.<\/span><\/p>\n<p><span style=\"font-weight: 400;\">Die Septorhinoplastik kann die Atemwege verbessern und dadurch die Klangfarbe der Stimme minimal beeinflussen. Dieser Effekt ist jedoch eher positiv und unauff\u00e4llig.<\/span><\/p>\n<p><span style=\"font-weight: 400;\">Regelm\u00e4\u00dfige Kontrollen beim Facharzt stellen sicher, dass keine bleibenden Beeintr\u00e4chtigungen der Stimme bestehen. Bei Unsicherheiten sollte eine logop\u00e4dische Abkl\u00e4rung erfolgen.<\/span><\/p>\n<div id=\"ez-toc-container\" class=\"ez-toc-v2_0_82_2 counter-hierarchy ez-toc-counter ez-toc-grey ez-toc-container-direction\">\n<div class=\"ez-toc-title-container\">\n<p class=\"ez-toc-title\" style=\"cursor:inherit\">Inhaltsverzeichnis<\/p>\n<span class=\"ez-toc-title-toggle\"><a href=\"#\" class=\"ez-toc-pull-right ez-toc-btn ez-toc-btn-xs ez-toc-btn-default ez-toc-toggle\" aria-label=\"Toggle Table of Content\"><span class=\"ez-toc-js-icon-con\"><span class=\"\"><span class=\"eztoc-hide\" style=\"display:none;\">Toggle<\/span><span class=\"ez-toc-icon-toggle-span\"><svg style=\"fill: #999;color:#999\" xmlns=\"http:\/\/www.w3.org\/2000\/svg\" class=\"list-377408\" width=\"20px\" height=\"20px\" viewBox=\"0 0 24 24\" fill=\"none\"><path d=\"M6 6H4v2h2V6zm14 0H8v2h12V6zM4 11h2v2H4v-2zm16 0H8v2h12v-2zM4 16h2v2H4v-2zm16 0H8v2h12v-2z\" fill=\"currentColor\"><\/path><\/svg><svg style=\"fill: #999;color:#999\" class=\"arrow-unsorted-368013\" xmlns=\"http:\/\/www.w3.org\/2000\/svg\" width=\"10px\" height=\"10px\" viewBox=\"0 0 24 24\" version=\"1.2\" baseProfile=\"tiny\"><path d=\"M18.2 9.3l-6.2-6.3-6.2 6.3c-.2.2-.3.4-.3.7s.1.5.3.7c.2.2.4.3.7.3h11c.3 0 .5-.1.7-.3.2-.2.3-.5.3-.7s-.1-.5-.3-.7zM5.8 14.7l6.2 6.3 6.2-6.3c.2-.2.3-.5.3-.7s-.1-.5-.3-.7c-.2-.2-.4-.3-.7-.3h-11c-.3 0-.5.1-.7.3-.2.2-.3.5-.3.7s.1.5.3.7z\"\/><\/svg><\/span><\/span><\/span><\/a><\/span><\/div>\n<nav><ul class='ez-toc-list ez-toc-list-level-1 ' ><li class='ez-toc-page-1 ez-toc-heading-level-2'><a class=\"ez-toc-link ez-toc-heading-1\" href=\"https:\/\/www.alevcamcioglu.com\/de\/veraendert-sich-meine-stimme-nach-einer-nasen-op\/#Nach_der_Nasen-OP_koennen_Unterschiede_in_der_Wahrnehmung_der_Stimme_auftreten\" >Nach der Nasen-OP k\u00f6nnen Unterschiede in der Wahrnehmung der Stimme auftreten<\/a><\/li><li class='ez-toc-page-1 ez-toc-heading-level-2'><a class=\"ez-toc-link ez-toc-heading-2\" href=\"https:\/\/www.alevcamcioglu.com\/de\/veraendert-sich-meine-stimme-nach-einer-nasen-op\/#Wie_veraendern_sich_die_Stimmen_nach_einer_Nasen-OP\" >Wie ver\u00e4ndern sich die Stimmen nach einer Nasen-OP?<\/a><\/li><\/ul><\/nav><\/div>\n<h2><span class=\"ez-toc-section\" id=\"Nach_der_Nasen-OP_koennen_Unterschiede_in_der_Wahrnehmung_der_Stimme_auftreten\"><\/span>Nach der Nasen-OP k\u00f6nnen Unterschiede in der Wahrnehmung der Stimme auftreten<span class=\"ez-toc-section-end\"><\/span><\/h2>\n<p><a href=\"https:\/\/www.alevcamcioglu.com\/burun-estetigi\/\">Nach der Nasen-OP<\/a> durchgef\u00fchrte Studien zeigen, dass es Ver\u00e4nderungen in der Stimme der Patient:innen geben kann. In einer in Iran durchgef\u00fchrten Studie wurden die Auswirkungen der Nasen-OP auf die Stimmqualit\u00e4t bei 27 Patient:innen untersucht. Im Rahmen der Studie f\u00fcllten die Patient:innen einen Fragebogen aus, in dem sie die wahrgenommenen Ver\u00e4nderungen ihrer Stimme bewerteten. Der Fragebogen enthielt Fragen zu den Auswirkungen der Stimme auf das t\u00e4gliche Leben und zur Gespr\u00e4chsqualit\u00e4t.<\/p>\n<p>Zus\u00e4tzlich wurden Sprachaufnahmen gemacht und von geschulten Zuh\u00f6rer\\:innen bewertet. Die Zuh\u00f6rer\\:innen verglichen die Stimmen der Patient\\:innen, ohne zu wissen, ob die Aufnahmen vor oder nach dem \u00e4sthetischen Eingriff entstanden waren. Bei der Bewertung der Sprachaufnahmen wurde festgestellt:<\/p>\n<ul>\n<li aria-level=\"1\">In einigen Bereichen der Stimmqualit\u00e4t wurde eine Verschlechterung beobachtet.<\/li>\n<li aria-level=\"1\">Es wurden Ver\u00e4nderungen in der Wahrnehmung der eigenen Stimme sowie in den emotionalen Reaktionen darauf festgestellt.<\/li>\n<li aria-level=\"1\">Im funktionellen Subscore, der die Auswirkungen der Stimme auf Alltagsaktivit\u00e4ten widerspiegelt, wurde keine wesentliche Ver\u00e4nderung festgestellt.<\/li>\n<\/ul>\n<p>Die Zuh\u00f6rer:innen stellten insbesondere einen Anstieg der Hyponasalit\u00e4t fest, das hei\u00dft einer Zunahme der nasalen Stimme. Dies ist ein Stimmcharakteristikum, das auftritt, wenn nicht genug Luft durch die Nasenh\u00f6hle str\u00f6mt. Die Forschenden gaben an, dass dieser wahrgenommene Anstieg von geschulten Zuh\u00f6rer:innen erkannt werden kann, es aber unklar bleibt, ob diese Ver\u00e4nderung auch im Alltag und bei normalen Gespr\u00e4chen deutlich ist.<\/p>\n<h2><span class=\"ez-toc-section\" id=\"Wie_veraendern_sich_die_Stimmen_nach_einer_Nasen-OP\"><\/span>Wie ver\u00e4ndern sich die Stimmen nach einer Nasen-OP?<span class=\"ez-toc-section-end\"><\/span><\/h2>\n<p>Stimmver\u00e4nderungen nach einer Nasen-OP werden h\u00e4ufig von Patient:innen und Chirurg:innen \u00fcbersehen. Akustische Analysen zeigen jedoch, dass solche chirurgischen Eingriffe zu signifikanten Ver\u00e4nderungen der Stimmmerkmale f\u00fchren k\u00f6nnen. Die nach der Operation entstehende Verengung in der Nasenh\u00f6hle kann die Resonanz und den Ton der Stimme beeinflussen. Dies ist besonders f\u00fcr Personen wichtig, die ihre Stimme beruflich nutzen.<\/p>\n<ul>\n<li aria-level=\"1\">Ver\u00e4nderungen in der Stimmfrequenz: Eine Verengung der Nasenh\u00f6hle nach der Operation kann zu einem Anstieg oder Abfall bestimmter Stimmfrequenzen f\u00fchren.<\/li>\n<li aria-level=\"1\">Abnahme der Stimmlautst\u00e4rke: Ein erh\u00f6hter Luftstromwiderstand kann zu einer Verringerung der Lautst\u00e4rke f\u00fchren.<\/li>\n<li aria-level=\"1\">Ver\u00e4nderungen im Stimmton: Es kann sich gelegentlich ein nasal klingenderer Ton entwickeln, was beim Sprechen zu einem deutlichen Unterschied f\u00fchren kann.<\/li>\n<\/ul>\n<p>Diese Ver\u00e4nderungen sind in der Regel mild und werden von den meisten Patient:innen nicht wahrgenommen. Personen, die ihre Stimme jedoch professionell nutzen, k\u00f6nnen diese Ver\u00e4nderungen deutlicher wahrnehmen. Daher sollten Chirurg:innen diese potenziellen Ver\u00e4nderungen vor der Operation ausf\u00fchrlich mit ihren Patient:innen besprechen. Konservativere chirurgische Methoden k\u00f6nnen so gew\u00e4hlt werden, dass die Stimmmerkmale m\u00f6glichst wenig beeinflusst werden. Dies ist besonders f\u00fcr professionelle Stimmnutzer:innen wichtig. Zusammenfassend sind Stimmver\u00e4nderungen nach einer Nasen-OP ein Thema, das die Patient:innen bewusst ber\u00fccksichtigen sollten.<\/p>\n","protected":false},"excerpt":{"rendered":"<p>Nach einer Nasenoperation kann sich die Stimme vor\u00fcbergehend ver\u00e4ndern. Ursachen sind Schwellungen, Verkrustungen oder eine ver\u00e4nderte Resonanz in den Naseng\u00e4ngen. In den meisten F\u00e4llen normalisiert sich die Stimme nach Abklingen der Heilungsphase. Dauerhafte Ver\u00e4nderungen treten selten auf und h\u00e4ngen meist von funktionellen Eingriffen an der Nasenscheidewand ab. Die Septorhinoplastik kann die Atemwege verbessern und dadurch [&#8230;]\n","protected":false},"author":990002,"featured_media":2376,"comment_status":"closed","ping_status":"closed","sticky":false,"template":"","format":"standard","meta":{"footnotes":""},"categories":[78],"tags":[],"class_list":["post-9822","post","type-post","status-publish","format-standard","has-post-thumbnail","hentry","category-nasen-op"],"_links":{"self":[{"href":"https:\/\/www.alevcamcioglu.com\/de\/wp-json\/wp\/v2\/posts\/9822","targetHints":{"allow":["GET"]}}],"collection":[{"href":"https:\/\/www.alevcamcioglu.com\/de\/wp-json\/wp\/v2\/posts"}],"about":[{"href":"https:\/\/www.alevcamcioglu.com\/de\/wp-json\/wp\/v2\/types\/post"}],"author":[{"embeddable":true,"href":"https:\/\/www.alevcamcioglu.com\/de\/wp-json\/wp\/v2\/users\/990002"}],"replies":[{"embeddable":true,"href":"https:\/\/www.alevcamcioglu.com\/de\/wp-json\/wp\/v2\/comments?post=9822"}],"version-history":[{"count":2,"href":"https:\/\/www.alevcamcioglu.com\/de\/wp-json\/wp\/v2\/posts\/9822\/revisions"}],"predecessor-version":[{"id":10661,"href":"https:\/\/www.alevcamcioglu.com\/de\/wp-json\/wp\/v2\/posts\/9822\/revisions\/10661"}],"wp:featuredmedia":[{"embeddable":true,"href":"https:\/\/www.alevcamcioglu.com\/de\/wp-json\/wp\/v2\/media\/2376"}],"wp:attachment":[{"href":"https:\/\/www.alevcamcioglu.com\/de\/wp-json\/wp\/v2\/media?parent=9822"}],"wp:term":[{"taxonomy":"category","embeddable":true,"href":"https:\/\/www.alevcamcioglu.com\/de\/wp-json\/wp\/v2\/categories?post=9822"},{"taxonomy":"post_tag","embeddable":true,"href":"https:\/\/www.alevcamcioglu.com\/de\/wp-json\/wp\/v2\/tags?post=9822"}],"curies":[{"name":"wp","href":"https:\/\/api.w.org\/{rel}","templated":true}]}}