{"id":9821,"date":"2024-06-24T11:58:18","date_gmt":"2024-06-24T11:58:18","guid":{"rendered":"https:\/\/www.alevcamcioglu.com\/?p=9821"},"modified":"2025-08-27T18:09:31","modified_gmt":"2025-08-27T18:09:31","slug":"faellt-die-nasenspitze-nach-einer-nasen-op-ab","status":"publish","type":"post","link":"https:\/\/www.alevcamcioglu.com\/de\/faellt-die-nasenspitze-nach-einer-nasen-op-ab\/","title":{"rendered":"F\u00e4llt die Nasenspitze nach einer Nasen-OP ab?"},"content":{"rendered":"<p><span style=\"font-weight: 400;\">Die Nasenspitze f\u00e4llt nach einer Operation nicht ab. Der Eingriff erfolgt unter Wahrung der Blutversorgung, sodass die Stabilit\u00e4t und Funktion der Nase erhalten bleiben.<\/span><\/p>\n<p><span style=\"font-weight: 400;\">Schwellungen oder vor\u00fcbergehende Ver\u00e4nderungen in der Form k\u00f6nnen den Eindruck erwecken, dass die Nasenspitze absinkt. Dies ist jedoch ein normaler Teil des Heilungsprozesses.<\/span><\/p>\n<p><span style=\"font-weight: 400;\">Ein dauerhaftes Absinken kann auftreten, wenn die Nasenstruktur unzureichend gest\u00fctzt wurde. In solchen F\u00e4llen kann eine Korrekturoperation erforderlich sein.<\/span><\/p>\n<p><span style=\"font-weight: 400;\">Die Wahl eines erfahrenen Chirurgen und die richtige Nachsorge sind entscheidend, um ein stabiles und \u00e4sthetisches Ergebnis zu gew\u00e4hrleisten.<\/span><\/p>\n<div id=\"ez-toc-container\" class=\"ez-toc-v2_0_82_2 counter-hierarchy ez-toc-counter ez-toc-grey ez-toc-container-direction\">\n<div class=\"ez-toc-title-container\">\n<p class=\"ez-toc-title\" style=\"cursor:inherit\">Inhaltsverzeichnis<\/p>\n<span class=\"ez-toc-title-toggle\"><a href=\"#\" class=\"ez-toc-pull-right ez-toc-btn ez-toc-btn-xs ez-toc-btn-default ez-toc-toggle\" aria-label=\"Toggle Table of Content\"><span class=\"ez-toc-js-icon-con\"><span class=\"\"><span class=\"eztoc-hide\" style=\"display:none;\">Toggle<\/span><span class=\"ez-toc-icon-toggle-span\"><svg style=\"fill: #999;color:#999\" xmlns=\"http:\/\/www.w3.org\/2000\/svg\" class=\"list-377408\" width=\"20px\" height=\"20px\" viewBox=\"0 0 24 24\" fill=\"none\"><path d=\"M6 6H4v2h2V6zm14 0H8v2h12V6zM4 11h2v2H4v-2zm16 0H8v2h12v-2zM4 16h2v2H4v-2zm16 0H8v2h12v-2z\" fill=\"currentColor\"><\/path><\/svg><svg style=\"fill: #999;color:#999\" class=\"arrow-unsorted-368013\" xmlns=\"http:\/\/www.w3.org\/2000\/svg\" width=\"10px\" height=\"10px\" viewBox=\"0 0 24 24\" version=\"1.2\" baseProfile=\"tiny\"><path d=\"M18.2 9.3l-6.2-6.3-6.2 6.3c-.2.2-.3.4-.3.7s.1.5.3.7c.2.2.4.3.7.3h11c.3 0 .5-.1.7-.3.2-.2.3-.5.3-.7s-.1-.5-.3-.7zM5.8 14.7l6.2 6.3 6.2-6.3c.2-.2.3-.5.3-.7s-.1-.5-.3-.7c-.2-.2-.4-.3-.7-.3h-11c-.3 0-.5.1-.7.3-.2.2-.3.5-.3.7s.1.5.3.7z\"\/><\/svg><\/span><\/span><\/span><\/a><\/span><\/div>\n<nav><ul class='ez-toc-list ez-toc-list-level-1 ' ><li class='ez-toc-page-1 ez-toc-heading-level-2'><a class=\"ez-toc-link ez-toc-heading-1\" href=\"https:\/\/www.alevcamcioglu.com\/de\/faellt-die-nasenspitze-nach-einer-nasen-op-ab\/#Wie_kommt_es_zum_Absinken_der_Nasenspitze\" >Wie kommt es zum Absinken der Nasenspitze?<\/a><\/li><li class='ez-toc-page-1 ez-toc-heading-level-2'><a class=\"ez-toc-link ez-toc-heading-2\" href=\"https:\/\/www.alevcamcioglu.com\/de\/faellt-die-nasenspitze-nach-einer-nasen-op-ab\/#Wie_erkennt_man_eine_abgesunkene_Nasenspitze\" >Wie erkennt man eine abgesunkene Nasenspitze?<\/a><\/li><li class='ez-toc-page-1 ez-toc-heading-level-2'><a class=\"ez-toc-link ez-toc-heading-3\" href=\"https:\/\/www.alevcamcioglu.com\/de\/faellt-die-nasenspitze-nach-einer-nasen-op-ab\/#Wie_laesst_sich_eine_abgesunkene_Nasenspitze_korrigieren\" >Wie l\u00e4sst sich eine abgesunkene Nasenspitze korrigieren?<\/a><\/li><li class='ez-toc-page-1 ez-toc-heading-level-2'><a class=\"ez-toc-link ez-toc-heading-4\" href=\"https:\/\/www.alevcamcioglu.com\/de\/faellt-die-nasenspitze-nach-einer-nasen-op-ab\/#Tritt_das_Problem_bei_dicker_Haut_haeufiger_auf\" >Tritt das Problem bei dicker Haut h\u00e4ufiger auf?<\/a><\/li><li class='ez-toc-page-1 ez-toc-heading-level-2'><a class=\"ez-toc-link ez-toc-heading-5\" href=\"https:\/\/www.alevcamcioglu.com\/de\/faellt-die-nasenspitze-nach-einer-nasen-op-ab\/#Warum_ist_eine_gute_Arzt-Patient-Kommunikation_wichtig\" >Warum ist eine gute Arzt-Patient-Kommunikation wichtig?<\/a><\/li><li class='ez-toc-page-1 ez-toc-heading-level-2'><a class=\"ez-toc-link ez-toc-heading-6\" href=\"https:\/\/www.alevcamcioglu.com\/de\/faellt-die-nasenspitze-nach-einer-nasen-op-ab\/#Kann_eine_Nasenauffuellung_das_Operationsergebnis_negativ_beeinflussen\" >Kann eine Nasen\u00adauff\u00fcllung das Operationsergebnis negativ beeinflussen?<\/a><\/li><li class='ez-toc-page-1 ez-toc-heading-level-2'><a class=\"ez-toc-link ez-toc-heading-7\" href=\"https:\/\/www.alevcamcioglu.com\/de\/faellt-die-nasenspitze-nach-einer-nasen-op-ab\/#Haeufig_gestellte_Fragen\" >H\u00e4ufig gestellte Fragen<\/a><ul class='ez-toc-list-level-3' ><li class='ez-toc-heading-level-3'><a class=\"ez-toc-link ez-toc-heading-8\" href=\"https:\/\/www.alevcamcioglu.com\/de\/faellt-die-nasenspitze-nach-einer-nasen-op-ab\/#Wie_erkennt_man_ein_scheinbares_Absinken_der_Nasenspitze\" >Wie erkennt man ein scheinbares Absinken der Nasenspitze?<\/a><\/li><li class='ez-toc-page-1 ez-toc-heading-level-3'><a class=\"ez-toc-link ez-toc-heading-9\" href=\"https:\/\/www.alevcamcioglu.com\/de\/faellt-die-nasenspitze-nach-einer-nasen-op-ab\/#Wann_ist_das_Risiko_des_Nasenspitzenabsinkens_vorbei\" >Wann ist das Risiko des Nasenspitzen\u00adabsinkens vorbei?<\/a><\/li><li class='ez-toc-page-1 ez-toc-heading-level-3'><a class=\"ez-toc-link ez-toc-heading-10\" href=\"https:\/\/www.alevcamcioglu.com\/de\/faellt-die-nasenspitze-nach-einer-nasen-op-ab\/#Wie_stark_sinkt_die_Nasenspitze_nach_der_Operation\" >Wie stark sinkt die Nasenspitze nach der Operation?<\/a><\/li><li class='ez-toc-page-1 ez-toc-heading-level-3'><a class=\"ez-toc-link ez-toc-heading-11\" href=\"https:\/\/www.alevcamcioglu.com\/de\/faellt-die-nasenspitze-nach-einer-nasen-op-ab\/#Wie_laesst_sich_ein_Absinken_der_Nasenspitze_verhindern\" >Wie l\u00e4sst sich ein Absinken der Nasenspitze verhindern?<\/a><\/li><li class='ez-toc-page-1 ez-toc-heading-level-3'><a class=\"ez-toc-link ez-toc-heading-12\" href=\"https:\/\/www.alevcamcioglu.com\/de\/faellt-die-nasenspitze-nach-einer-nasen-op-ab\/#Wann_verschwindet_die_Haerte_an_der_Nasenspitze_nach_der_Operation\" >Wann verschwindet die H\u00e4rte an der Nasenspitze nach der Operation?<\/a><\/li><\/ul><\/li><\/ul><\/nav><\/div>\n<h2><span class=\"ez-toc-section\" id=\"Wie_kommt_es_zum_Absinken_der_Nasenspitze\"><\/span>Wie kommt es zum Absinken der Nasenspitze?<span class=\"ez-toc-section-end\"><\/span><\/h2>\n<p>Das Absinken der Nasenspitze ist eine m\u00f6gliche Komplikation nach einer <a href=\"https:\/\/www.alevcamcioglu.com\/burun-estetigi\/\">Rhinoplastik<\/a>. Es beeintr\u00e4chtigt das Aussehen und ver\u00e4ndert den Gesichtsausdruck. Ursachen k\u00f6nnen nat\u00fcrliche anatomische Gegebenheiten oder operative Eingriffe sein. Faktoren, die ein Absinken beg\u00fcnstigen, sind:<\/p>\n<ul>\n<li aria-level=\"1\">Schwache Knorpelstruktur: Sind die st\u00fctzenden Knorpel nicht stabil genug, kann die Nasenspitze im Laufe der Zeit absinken.<\/li>\n<li aria-level=\"1\">\u00dcberm\u00e4\u00dfige Gewebeentfernung: Wird w\u00e4hrend der Operation zu viel Gewebe an Nasenr\u00fccken oder -spitze entfernt, verliert die Spitze an Halt.<\/li>\n<\/ul>\n<p>Die Erfahrung des Chirurgen spielt eine entscheidende Rolle bei der Vorbeugung solcher Probleme. Eine sorgf\u00e4ltige Planung und solide Technik verhindern das Absinken der Nasenspitze und steigern die Zufriedenheit nach der Nasen-OP.<\/p>\n<h2><span class=\"ez-toc-section\" id=\"Wie_erkennt_man_eine_abgesunkene_Nasenspitze\"><\/span>Wie erkennt man eine abgesunkene Nasenspitze?<span class=\"ez-toc-section-end\"><\/span><\/h2>\n<p>Eine abgesunkene Nasenspitze kann nach einer \u00e4sthetischen Operation auftreten. Das Herabsinken unter die Idealposition verkleinert den Abstand zur Oberlippe und verringert den Nasen-Oberlippen-Winkel, der normalerweise etwa 90 \u00b0 betr\u00e4gt. Typische Anzeichen sind:<\/p>\n<ul>\n<li aria-level=\"1\">Die Nasenspitze liegt deutlich tiefer als zuvor.<\/li>\n<li aria-level=\"1\">Im Profil befindet sich die Spitze unterhalb der Lippenlinie.<\/li>\n<li aria-level=\"1\">Beim L\u00e4cheln sinkt die Spitze noch weiter ab.<\/li>\n<\/ul>\n<p>Dies kann den Gesichtsausdruck traurig oder m\u00fcde wirken lassen und unter Umst\u00e4nden auch die Atmung beeintr\u00e4chtigen. In solchen F\u00e4llen sollte der Patient seinen Arzt konsultieren und gegebenenfalls eine Revision in Betracht ziehen.<\/p>\n<h2><span class=\"ez-toc-section\" id=\"Wie_laesst_sich_eine_abgesunkene_Nasenspitze_korrigieren\"><\/span>Wie l\u00e4sst sich eine abgesunkene Nasenspitze korrigieren?<span class=\"ez-toc-section-end\"><\/span><\/h2>\n<p>Das Absinken der Nasenspitze nach einer Rhinoplastik kann durch eine erneute Nasenspitzen-Operation behoben werden. Ziel ist es, die Spitze anzuheben und in ihre Norm\u00adposition zu bringen. Liegt die Ursache in einer zu starken Entfernung von Knorpel oder Knochen, ist h\u00e4ufig eine Revisions-Rhinoplastik erforderlich:<\/p>\n<ul>\n<li aria-level=\"1\">Zur Stabilisierung werden Knorpeltransplantate aus Ohr oder Rippe verwendet.<\/li>\n<li aria-level=\"1\">Bei geringem Korrekturbedarf bevorzugt man die geschlossene Technik, wodurch der Eingriff k\u00fcrzer ausf\u00e4llt.<\/li>\n<li aria-level=\"1\">Ist eine umfassendere Korrektur n\u00f6tig, wird die offene Technik gew\u00e4hlt.<\/li>\n<\/ul>\n<p>Der Eingriff erfolgt in Vollnarkose. Bis zur vollst\u00e4ndigen Heilung vergehen etwa 10\u201312 Monate. Die Wahl eines erfahrenen Arztes minimiert Risiken und steigert den Erfolg der Korrektur.<\/p>\n<h2><span class=\"ez-toc-section\" id=\"Tritt_das_Problem_bei_dicker_Haut_haeufiger_auf\"><\/span>Tritt das Problem bei dicker Haut h\u00e4ufiger auf?<span class=\"ez-toc-section-end\"><\/span><\/h2>\n<p>Ein Absinken der Nasenspitze wird bei Patienten mit dicker Haut h\u00e4ufiger beobachtet. Dicke Haut verursacht nach dem Eingriff st\u00e4rkere Schwellungen, besonders im Supratip-Bereich (direkt hinter der Nasenspitze):<\/p>\n<ul>\n<li aria-level=\"1\">Die Schwellung konzentriert sich im Supratip-Bereich.<\/li>\n<li aria-level=\"1\">Dadurch wirkt die Nasenspitze tiefer gelegen.<\/li>\n<\/ul>\n<p>In den ersten sechs Monaten kann dieser Effekt ausgepr\u00e4gter sein, nimmt jedoch mit abklingender Schwellung ab. Nach etwa zwei Jahren erzielt die Nase in der Regel ihre endg\u00fcltige Form.<\/p>\n<h2><span class=\"ez-toc-section\" id=\"Warum_ist_eine_gute_Arzt-Patient-Kommunikation_wichtig\"><\/span>Warum ist eine gute Arzt-Patient-Kommunikation wichtig?<span class=\"ez-toc-section-end\"><\/span><\/h2>\n<p>Erfolgreiche Ergebnisse setzen eine offene Kommunikation zwischen Patient und Arzt voraus. Der Prozess umfasst zwei Untersuchungstermine:<\/p>\n<ul>\n<li aria-level=\"1\">Beim ersten Termin werden Beschwerden besprochen und eine k\u00f6rperliche Untersuchung durchgef\u00fchrt.<\/li>\n<li aria-level=\"1\">Beim zweiten Termin erfolgen An\u00e4sthesie\u00aduntersuchungen; der Patient bringt Beispielbilder mit (Kategorie \u201egef\u00e4llt mir\u201c \/ \u201egef\u00e4llt mir nicht\u201c).<\/li>\n<\/ul>\n<p>So versteht der Arzt die \u00e4sthetischen Erwartungen besser und kann mithilfe digitaler Simulationen realistische Resultate aufzeigen. Eine klare Kommunikation st\u00e4rkt das Vertrauen und verringert Komplikationsrisiken wie das Absinken der Nasenspitze.<\/p>\n<h2><span class=\"ez-toc-section\" id=\"Kann_eine_Nasenauffuellung_das_Operationsergebnis_negativ_beeinflussen\"><\/span>Kann eine Nasen\u00adauff\u00fcllung das Operationsergebnis negativ beeinflussen?<span class=\"ez-toc-section-end\"><\/span><\/h2>\n<p>Nasenf\u00fcllungen bieten eine tempor\u00e4re \u00e4sthetische Verbesserung, k\u00f6nnen jedoch dauerhafte Nasen-OP-Ergebnisse beeintr\u00e4chtigen. Wenn das F\u00fcllmaterial abgebaut wird, kann die Nasenspitze erneut absinken. Weitere Risiken:<\/p>\n<ul>\n<li aria-level=\"1\">F\u00fcllmaterial dehnt die Haut und verschlechtert deren Qualit\u00e4t.<\/li>\n<li aria-level=\"1\">Nat\u00fcrliches Gewebe wird ver\u00e4ndert, was sp\u00e4tere Operationen erschwert.<\/li>\n<li aria-level=\"1\">St\u00fctzstrukturen k\u00f6nnen geschw\u00e4cht werden.<\/li>\n<\/ul>\n<p>Wer eine langfristige L\u00f6sung anstrebt, sollte dauerhafte chirurgische Methoden der tempor\u00e4ren F\u00fcllung vorziehen.<\/p>\n<h2><span class=\"ez-toc-section\" id=\"Haeufig_gestellte_Fragen\"><\/span>H\u00e4ufig gestellte Fragen<span class=\"ez-toc-section-end\"><\/span><\/h2>\n<h3><span class=\"ez-toc-section\" id=\"Wie_erkennt_man_ein_scheinbares_Absinken_der_Nasenspitze\"><\/span>Wie erkennt man ein scheinbares Absinken der Nasenspitze?<span class=\"ez-toc-section-end\"><\/span><\/h3>\n<p>Eine scheinbar abgesunkene Nasenspitze entsteht durch eine \u00fcberm\u00e4\u00dfig hohe Supratip-Region. In der Seitenansicht wirkt die Spitze niedriger, obwohl sie anatomisch korrekt ist. Schwellungen k\u00f6nnen diesen Eindruck verst\u00e4rken.<\/p>\n<h3><span class=\"ez-toc-section\" id=\"Wann_ist_das_Risiko_des_Nasenspitzenabsinkens_vorbei\"><\/span>Wann ist das Risiko des Nasenspitzen\u00adabsinkens vorbei?<span class=\"ez-toc-section-end\"><\/span><\/h3>\n<p>Das Risiko besteht, bis das Gewebe vollst\u00e4ndig stabilisiert ist. Bei Patienten mit d\u00fcnner oder normaler Haut geschieht dies meist innerhalb eines Jahres, bei dicker Haut kann es bis zu zwei Jahre dauern.<\/p>\n<h3><span class=\"ez-toc-section\" id=\"Wie_stark_sinkt_die_Nasenspitze_nach_der_Operation\"><\/span>Wie stark sinkt die Nasenspitze nach der Operation?<span class=\"ez-toc-section-end\"><\/span><\/h3>\n<p>Nach einer Nasen-OP sinkt die Nasenspitze \u00fcblicherweise nur wenige Grad. Bei Frauen wird sie idealerweise auf etwa 105 Grad eingestellt. Leichte Senkungen durch Gewebe\u00adsetzung sind normal; die endg\u00fcltige Stabilit\u00e4t wird nach rund einem Jahr erreicht.<\/p>\n<h3><span class=\"ez-toc-section\" id=\"Wie_laesst_sich_ein_Absinken_der_Nasenspitze_verhindern\"><\/span>Wie l\u00e4sst sich ein Absinken der Nasenspitze verhindern?<span class=\"ez-toc-section-end\"><\/span><\/h3>\n<p>Gesunde Ern\u00e4hrung, Nichtrauchen, konsequenter UV-Schutz, Schutz vor St\u00f6\u00dfen bei Sport sowie Beachtung der postoperativen Anweisungen tragen dazu bei, ein Absinken zu verhindern.<\/p>\n<h3><span class=\"ez-toc-section\" id=\"Wann_verschwindet_die_Haerte_an_der_Nasenspitze_nach_der_Operation\"><\/span>Wann verschwindet die H\u00e4rte an der Nasenspitze nach der Operation?<span class=\"ez-toc-section-end\"><\/span><\/h3>\n<p>Die verh\u00e4rtete Nasenspitze wird in der Regel innerhalb von drei bis sechs Monaten weicher. Dieser Zeitraum variiert je nach Operationstechnik, Hauttyp und individueller Heilungskapazit\u00e4t. Regelm\u00e4\u00dfige Kontrolltermine helfen, den Prozess im Blick zu behalten.<\/p>\n","protected":false},"excerpt":{"rendered":"<p>Die Nasenspitze f\u00e4llt nach einer Operation nicht ab. Der Eingriff erfolgt unter Wahrung der Blutversorgung, sodass die Stabilit\u00e4t und Funktion der Nase erhalten bleiben. Schwellungen oder vor\u00fcbergehende Ver\u00e4nderungen in der Form k\u00f6nnen den Eindruck erwecken, dass die Nasenspitze absinkt. Dies ist jedoch ein normaler Teil des Heilungsprozesses. Ein dauerhaftes Absinken kann auftreten, wenn die Nasenstruktur [&#8230;]\n","protected":false},"author":990002,"featured_media":2388,"comment_status":"closed","ping_status":"closed","sticky":false,"template":"","format":"standard","meta":{"footnotes":""},"categories":[78],"tags":[],"class_list":["post-9821","post","type-post","status-publish","format-standard","has-post-thumbnail","hentry","category-nasen-op"],"_links":{"self":[{"href":"https:\/\/www.alevcamcioglu.com\/de\/wp-json\/wp\/v2\/posts\/9821","targetHints":{"allow":["GET"]}}],"collection":[{"href":"https:\/\/www.alevcamcioglu.com\/de\/wp-json\/wp\/v2\/posts"}],"about":[{"href":"https:\/\/www.alevcamcioglu.com\/de\/wp-json\/wp\/v2\/types\/post"}],"author":[{"embeddable":true,"href":"https:\/\/www.alevcamcioglu.com\/de\/wp-json\/wp\/v2\/users\/990002"}],"replies":[{"embeddable":true,"href":"https:\/\/www.alevcamcioglu.com\/de\/wp-json\/wp\/v2\/comments?post=9821"}],"version-history":[{"count":2,"href":"https:\/\/www.alevcamcioglu.com\/de\/wp-json\/wp\/v2\/posts\/9821\/revisions"}],"predecessor-version":[{"id":10662,"href":"https:\/\/www.alevcamcioglu.com\/de\/wp-json\/wp\/v2\/posts\/9821\/revisions\/10662"}],"wp:featuredmedia":[{"embeddable":true,"href":"https:\/\/www.alevcamcioglu.com\/de\/wp-json\/wp\/v2\/media\/2388"}],"wp:attachment":[{"href":"https:\/\/www.alevcamcioglu.com\/de\/wp-json\/wp\/v2\/media?parent=9821"}],"wp:term":[{"taxonomy":"category","embeddable":true,"href":"https:\/\/www.alevcamcioglu.com\/de\/wp-json\/wp\/v2\/categories?post=9821"},{"taxonomy":"post_tag","embeddable":true,"href":"https:\/\/www.alevcamcioglu.com\/de\/wp-json\/wp\/v2\/tags?post=9821"}],"curies":[{"name":"wp","href":"https:\/\/api.w.org\/{rel}","templated":true}]}}