{"id":9789,"date":"2024-06-14T11:55:00","date_gmt":"2024-06-14T11:55:00","guid":{"rendered":"https:\/\/www.alevcamcioglu.com\/?p=9789"},"modified":"2025-08-27T18:04:42","modified_gmt":"2025-08-27T18:04:42","slug":"wie-lange-dauert-eine-nasen-op","status":"publish","type":"post","link":"https:\/\/www.alevcamcioglu.com\/de\/wie-lange-dauert-eine-nasen-op\/","title":{"rendered":"Wie lange dauert eine Nasen-OP?"},"content":{"rendered":"<p><span style=\"font-weight: 400;\">Die Dauer einer Nasen-OP h\u00e4ngt von der Komplexit\u00e4t des Eingriffs ab. Eine einfache Korrektur dauert etwa ein bis zwei Stunden, w\u00e4hrend umfangreiche Rekonstruktionen drei bis vier Stunden in Anspruch nehmen k\u00f6nnen.<\/span><\/p>\n<p><span style=\"font-weight: 400;\">Der Operationsverlauf umfasst An\u00e4sthesie, chirurgische Anpassungen und die postoperative Versorgung. Ein pr\u00e4zises Vorgehen ist entscheidend, um ein stabiles und \u00e4sthetisches Ergebnis zu erzielen.<\/span><\/p>\n<p><span style=\"font-weight: 400;\">Auch Vor- und Nachbereitung verl\u00e4ngern den Klinikaufenthalt. Patienten sollten mit einem halben Tag im Krankenhaus rechnen, einschlie\u00dflich Erholungszeit nach der Narkose.<\/span><\/p>\n<p><span style=\"font-weight: 400;\">Psychologisch hilft es, sich auf den Ablauf vorzubereiten. Ein realistisches Verst\u00e4ndnis der Operationsdauer nimmt \u00c4ngste und st\u00e4rkt das Vertrauen in den Heilungsprozess.<\/span><\/p>\n<div id=\"ez-toc-container\" class=\"ez-toc-v2_0_82_2 counter-hierarchy ez-toc-counter ez-toc-grey ez-toc-container-direction\">\n<div class=\"ez-toc-title-container\">\n<p class=\"ez-toc-title\" style=\"cursor:inherit\">Inhaltsverzeichnis<\/p>\n<span class=\"ez-toc-title-toggle\"><a href=\"#\" class=\"ez-toc-pull-right ez-toc-btn ez-toc-btn-xs ez-toc-btn-default ez-toc-toggle\" aria-label=\"Toggle Table of Content\"><span class=\"ez-toc-js-icon-con\"><span class=\"\"><span class=\"eztoc-hide\" style=\"display:none;\">Toggle<\/span><span class=\"ez-toc-icon-toggle-span\"><svg style=\"fill: #999;color:#999\" xmlns=\"http:\/\/www.w3.org\/2000\/svg\" class=\"list-377408\" width=\"20px\" height=\"20px\" viewBox=\"0 0 24 24\" fill=\"none\"><path d=\"M6 6H4v2h2V6zm14 0H8v2h12V6zM4 11h2v2H4v-2zm16 0H8v2h12v-2zM4 16h2v2H4v-2zm16 0H8v2h12v-2z\" fill=\"currentColor\"><\/path><\/svg><svg style=\"fill: #999;color:#999\" class=\"arrow-unsorted-368013\" xmlns=\"http:\/\/www.w3.org\/2000\/svg\" width=\"10px\" height=\"10px\" viewBox=\"0 0 24 24\" version=\"1.2\" baseProfile=\"tiny\"><path d=\"M18.2 9.3l-6.2-6.3-6.2 6.3c-.2.2-.3.4-.3.7s.1.5.3.7c.2.2.4.3.7.3h11c.3 0 .5-.1.7-.3.2-.2.3-.5.3-.7s-.1-.5-.3-.7zM5.8 14.7l6.2 6.3 6.2-6.3c.2-.2.3-.5.3-.7s-.1-.5-.3-.7c-.2-.2-.4-.3-.7-.3h-11c-.3 0-.5.1-.7.3-.2.2-.3.5-.3.7s.1.5.3.7z\"\/><\/svg><\/span><\/span><\/span><\/a><\/span><\/div>\n<nav><ul class='ez-toc-list ez-toc-list-level-1 ' ><li class='ez-toc-page-1 ez-toc-heading-level-2'><a class=\"ez-toc-link ez-toc-heading-1\" href=\"https:\/\/www.alevcamcioglu.com\/de\/wie-lange-dauert-eine-nasen-op\/#Wie_lange_dauert_eine_Nasen-OP\" >Wie lange dauert eine Nasen-OP?<\/a><\/li><li class='ez-toc-page-1 ez-toc-heading-level-2'><a class=\"ez-toc-link ez-toc-heading-2\" href=\"https:\/\/www.alevcamcioglu.com\/de\/wie-lange-dauert-eine-nasen-op\/#Wann_wird_eine_offene_Nasen-OP_bevorzugt\" >Wann wird eine offene Nasen-OP bevorzugt?<\/a><\/li><li class='ez-toc-page-1 ez-toc-heading-level-2'><a class=\"ez-toc-link ez-toc-heading-3\" href=\"https:\/\/www.alevcamcioglu.com\/de\/wie-lange-dauert-eine-nasen-op\/#Warum_entscheiden_sich_Menschen_fuer_eine_Nasen-OP\" >Warum entscheiden sich Menschen f\u00fcr eine Nasen-OP?<\/a><\/li><li class='ez-toc-page-1 ez-toc-heading-level-2'><a class=\"ez-toc-link ez-toc-heading-4\" href=\"https:\/\/www.alevcamcioglu.com\/de\/wie-lange-dauert-eine-nasen-op\/#Funktionelle_Nasen-OP\" >Funktionelle Nasen-OP<\/a><\/li><li class='ez-toc-page-1 ez-toc-heading-level-2'><a class=\"ez-toc-link ez-toc-heading-5\" href=\"https:\/\/www.alevcamcioglu.com\/de\/wie-lange-dauert-eine-nasen-op\/#Kosmetische_Nasen-OP\" >Kosmetische Nasen-OP<\/a><\/li><li class='ez-toc-page-1 ez-toc-heading-level-2'><a class=\"ez-toc-link ez-toc-heading-6\" href=\"https:\/\/www.alevcamcioglu.com\/de\/wie-lange-dauert-eine-nasen-op\/#Welche_Methoden_der_Nasen-OP_gibt_es\" >Welche Methoden der Nasen-OP gibt es?<\/a><ul class='ez-toc-list-level-3' ><li class='ez-toc-heading-level-3'><a class=\"ez-toc-link ez-toc-heading-7\" href=\"https:\/\/www.alevcamcioglu.com\/de\/wie-lange-dauert-eine-nasen-op\/#Endonasaler_Ansatz\" >Endonasaler Ansatz<\/a><\/li><li class='ez-toc-page-1 ez-toc-heading-level-3'><a class=\"ez-toc-link ez-toc-heading-8\" href=\"https:\/\/www.alevcamcioglu.com\/de\/wie-lange-dauert-eine-nasen-op\/#Externer_Ansatz\" >Externer Ansatz<\/a><\/li><\/ul><\/li><li class='ez-toc-page-1 ez-toc-heading-level-2'><a class=\"ez-toc-link ez-toc-heading-9\" href=\"https:\/\/www.alevcamcioglu.com\/de\/wie-lange-dauert-eine-nasen-op\/#Wie_bereite_ich_mich_auf_eine_Nasen-OP_vor\" >Wie bereite ich mich auf eine Nasen-OP vor?<\/a><\/li><li class='ez-toc-page-1 ez-toc-heading-level-2'><a class=\"ez-toc-link ez-toc-heading-10\" href=\"https:\/\/www.alevcamcioglu.com\/de\/wie-lange-dauert-eine-nasen-op\/#Wie_pflege_ich_mich_nach_einer_Nasen-OP\" >Wie pflege ich mich nach einer Nasen-OP?<\/a><\/li><\/ul><\/nav><\/div>\n<h2><span class=\"ez-toc-section\" id=\"Wie_lange_dauert_eine_Nasen-OP\"><\/span>Wie lange dauert eine Nasen-OP?<span class=\"ez-toc-section-end\"><\/span><\/h2>\n<div class=\"lyte-wrapper fourthree\" style=\"width:480px;max-width:100%;margin:5px;\"><div class=\"lyMe\" id=\"WYL_LybpT8_fOa8\"><div id=\"lyte_LybpT8_fOa8\" data-src=\"https:\/\/www.alevcamcioglu.com\/wp-content\/plugins\/wp-youtube-lyte\/lyteCache.php?origThumbUrl=%2F%2Fi.ytimg.com%2Fvi%2FLybpT8_fOa8%2Fhqdefault.jpg\" class=\"pL\"><div class=\"tC\"><div class=\"tT\"><\/div><\/div><div class=\"play\"><\/div><div class=\"ctrl\"><div class=\"Lctrl\"><\/div><div class=\"Rctrl\"><\/div><\/div><\/div><noscript><a href=\"https:\/\/youtu.be\/LybpT8_fOa8\" rel=\"nofollow noopener\" target=\"_blank\"><img decoding=\"async\" src=\"https:\/\/www.alevcamcioglu.com\/wp-content\/plugins\/wp-youtube-lyte\/lyteCache.php?origThumbUrl=https%3A%2F%2Fi.ytimg.com%2Fvi%2FLybpT8_fOa8%2F0.jpg\" alt=\"YouTube-Video-Vorschaubild\" width=\"480\" height=\"340\" title=\"\"><br \/>Dieses Video auf YouTube ansehen<\/a><\/noscript><\/div><\/div><div class=\"lL\" style=\"max-width:100%;width:480px;margin:5px;\"><\/div>\n<p><a href=\"https:\/\/www.alevcamcioglu.com\/burun-estetigi\/\">Nasen-OP<\/a>-Verfahren werden in der Regel innerhalb eines bestimmten Zeitrahmens abgeschlossen. Meistens dauert solch ein chirurgischer Eingriff \u2013 abh\u00e4ngig von der \u00e4rztlichen Intervention \u2013 zwischen 1,5 und 3 Stunden. Besonders die geschlossene Nasen-OP kann k\u00fcrzer dauern, da die Einschnitte hierbei begrenzt sind.<\/p>\n<ul>\n<li aria-level=\"1\">Eine offene Nasen-OP kann l\u00e4nger dauern, da gr\u00f6\u00dfere Korrekturen an der Nasenstruktur erforderlich sein k\u00f6nnen.<\/li>\n<li aria-level=\"1\">Sekund\u00e4re oder Revisions-Nasen-OPs sind aufgrund von Korrekturen nach fr\u00fcheren Eingriffen komplexer und zeitaufwendiger.<\/li>\n<\/ul>\n<p>In manchen F\u00e4llen kann es notwendig sein, zus\u00e4tzlich Knorpel zu entnehmen, was die Operationsdauer verl\u00e4ngert. Die Menge und die Quelle des zu entnehmenden Knorpels wirken sich direkt auf die Dauer des Eingriffs aus. Besonders Revisionseingriffe erfordern eine detailliertere Bewertung und somit einen l\u00e4ngeren Prozess. Nicht-chirurgische Methoden wie die Fl\u00fcssigkeits-Nasen-OP k\u00f6nnen hingegen in kurzer Zeit in der Praxis durchgef\u00fchrt werden. Diese Verfahren dauern meist nur wenige Minuten und erm\u00f6glichen eine sofortige R\u00fcckkehr in den Alltag. Die Dauer der Nasen-OP h\u00e4ngt daher von der angewendeten Technik und dem Umfang des Eingriffs ab.<\/p>\n<p>Patienten werden \u00fcber die potenziellen Ergebnisse, den Heilungsprozess und m\u00f6gliche Herausforderungen informiert. Die Erwartungen des Patienten an den Eingriff werden realistisch bewertet und der Operationsplan entsprechend erstellt. In dieser Phase ist eine vollst\u00e4ndige Verst\u00e4ndigung und offene Kommunikation mit dem Patienten von gro\u00dfer Bedeutung f\u00fcr den Operationserfolg.<\/p>\n<h2><span class=\"ez-toc-section\" id=\"Wann_wird_eine_offene_Nasen-OP_bevorzugt\"><\/span>Wann wird eine offene Nasen-OP bevorzugt?<span class=\"ez-toc-section-end\"><\/span><\/h2>\n<p><a href=\"https:\/\/www.alevcamcioglu.com\/burun-estetigi\/acik-burun-estetigi\/\">Die offene Nasen-OP<\/a> bietet w\u00e4hrend des chirurgischen Eingriffs eine detaillierte Visualisierung. Mit dieser Methode kann der Chirurg die inneren Strukturen der Nase besser sehen. Besonders bei der Korrektur komplexer Nasendeformit\u00e4ten wird dieses Verfahren empfohlen. Die Gr\u00fcnde f\u00fcr die Wahl der offenen Nasen-OP sind:<\/p>\n<ul>\n<li aria-level=\"1\"><a href=\"https:\/\/utswmed.org\/medblog\/rhinoplasty-nose-job\/\" target=\"_blank\" rel=\"noopener\">Sie bietet einen breiten Zugang f\u00fcr die detaillierte Analyse und Korrektur von Deformationen.<\/a><\/li>\n<li aria-level=\"1\">Die bessere Visualisierung des Operationsfeldes erm\u00f6glicht pr\u00e4zisere Eingriffe durch den Chirurgen.<\/li>\n<li aria-level=\"1\">Als Lehrmethode stellt sie eine gute Plattform f\u00fcr angehende Chirurgen dar.<\/li>\n<\/ul>\n<p>Diese Technik ist besonders vorteilhaft bei gro\u00dfen Ver\u00e4nderungen an Nasenspitze und -r\u00fccken. Auch f\u00fcr feinere Korrekturen, wie die Umformung der Nasenl\u00f6cher, ist sie geeignet. Insgesamt ist die offene Nasen-OP oft die ideale Wahl bei anspruchsvollen F\u00e4llen und bietet dem Chirurgen eine leichtere Durchf\u00fchrung.<\/p>\n<h2><span class=\"ez-toc-section\" id=\"Warum_entscheiden_sich_Menschen_fuer_eine_Nasen-OP\"><\/span>Warum entscheiden sich Menschen f\u00fcr eine Nasen-OP?<span class=\"ez-toc-section-end\"><\/span><\/h2>\n<p>Die Nasen-OP ist ein chirurgischer Eingriff, der aus \u00e4sthetischen oder medizinischen Gr\u00fcnden bevorzugt wird. W\u00e4hrend einige Personen diesen Eingriff aus \u00e4sthetischen Korrekturw\u00fcnschen w\u00e4hlen, wenden sich andere aus gesundheitlichen Gr\u00fcnden dieser Methode zu. Die Nasen-OP wird in zwei Hauptkategorien unterteilt: \u00e4sthetisch und funktionell, und orientiert sich an den Bed\u00fcrfnissen der Patienten.<\/p>\n<h2><span class=\"ez-toc-section\" id=\"Funktionelle_Nasen-OP\"><\/span>Funktionelle Nasen-OP<span class=\"ez-toc-section-end\"><\/span><\/h2>\n<p>Einige Menschen entscheiden sich aus Atemproblemen f\u00fcr eine funktionelle Nasen-OP:<\/p>\n<ul>\n<li aria-level=\"1\">Enge Naseng\u00e4nge<\/li>\n<li aria-level=\"1\">Septumabweichung<\/li>\n<\/ul>\n<p>Anatomische Probleme wie enge Naseng\u00e4nge oder eine Septumabweichung k\u00f6nnen das Atmen erschweren. Solche Zust\u00e4nde k\u00f6nnen sich nat\u00fcrlich entwickeln oder nach einem Unfall auftreten. Die funktionelle Nasen-OP wird durchgef\u00fchrt, um die Atmung zu erleichtern und die Atemfunktion zu verbessern.<\/p>\n<p>Auch chronische Allergien oder Nebenh\u00f6hlenentz\u00fcndungen k\u00f6nnen einen funktionellen \u00e4sthetischen Bedarf hervorrufen. Aufgrund hormoneller Ver\u00e4nderungen k\u00f6nnen sich die Nasenmuscheln vergr\u00f6\u00dfern, was den Luftstrom behindert.<\/p>\n<h2><span class=\"ez-toc-section\" id=\"Kosmetische_Nasen-OP\"><\/span>Kosmetische Nasen-OP<span class=\"ez-toc-section-end\"><\/span><\/h2>\n<p>Die Nasen-OP wird aus \u00e4sthetischen Gr\u00fcnden meist wegen des \u00e4u\u00dferen Erscheinungsbildes gew\u00e4hlt:<\/p>\n<ul>\n<li aria-level=\"1\">Asymmetrie<\/li>\n<li aria-level=\"1\">Schiefe Nase<\/li>\n<li aria-level=\"1\">Auff\u00e4llige Kr\u00fcmmung oder gro\u00dfer H\u00f6cker<\/li>\n<li aria-level=\"1\">Zu gro\u00dfe Nasenl\u00f6cher<\/li>\n<li aria-level=\"1\">Hochgezogene oder knotige Nasenspitze<\/li>\n<\/ul>\n<p>Kosmetische Gr\u00fcnde beziehen sich h\u00e4ufig auf auff\u00e4llige Asymmetrien oder andere st\u00f6rende \u00e4sthetische Merkmale der Nasenstruktur. Manche empfinden ihre Nase als zu gro\u00df oder finden einzelne Merkmale unproportional. Mit einer Nasen-OP k\u00f6nnen diese Merkmale korrigiert und ein harmonischeres Erscheinungsbild erzielt werden.<\/p>\n<p>Kosmetische Nasen-OPs werden durchgef\u00fchrt, wenn das Nasenbein vollst\u00e4ndig entwickelt ist \u2013 meist ab 18 Jahren bei M\u00e4dchen und etwas sp\u00e4ter bei Jungen. Solche \u00e4sthetischen Eingriffe werden in einer Phase vorgenommen, in der die Gesichtsz\u00fcge ausgereift sind, um bestm\u00f6gliche Ergebnisse zu erzielen.<\/p>\n<p>Die Gr\u00fcnde f\u00fcr beide Arten der Nasen-OP h\u00e4ngen von den \u00e4sthetischen und gesundheitlichen Erwartungen der Patienten ab. Diese Eingriffe k\u00f6nnen die Lebensqualit\u00e4t der Patienten erheblich steigern.<\/p>\n<h2><span class=\"ez-toc-section\" id=\"Welche_Methoden_der_Nasen-OP_gibt_es\"><\/span>Welche Methoden der Nasen-OP gibt es?<span class=\"ez-toc-section-end\"><\/span><\/h2>\n<p>Die Nasen-OP wird individuell an die anatomischen Gegebenheiten jedes Patienten angepasst. Diese chirurgischen Eingriffe werden je nach strukturellem und \u00e4sthetischem Bedarf in zwei Hauptmethoden durchgef\u00fchrt: endonasal und extern.<\/p>\n<h3><span class=\"ez-toc-section\" id=\"Endonasaler_Ansatz\"><\/span>Endonasaler Ansatz<span class=\"ez-toc-section-end\"><\/span><\/h3>\n<ul>\n<li aria-level=\"1\">Die Schnitte erfolgen nur in den Nasenl\u00f6chern, sodass \u00e4u\u00dferlich keine Narben sichtbar sind.<\/li>\n<li aria-level=\"1\">Die Schnitte verlaufen parallel zur Innenseite der Nasenl\u00f6cher.<\/li>\n<li aria-level=\"1\">Dieser Ansatz ist weniger invasiv, sodass die Heilung in der Regel schneller verl\u00e4uft.<\/li>\n<li aria-level=\"1\">Strukturelle Ver\u00e4nderungen sind begrenzt, da der Chirurg nur auf bestimmte Bereiche der Nase zugreifen kann.<\/li>\n<\/ul>\n<h3><span class=\"ez-toc-section\" id=\"Externer_Ansatz\"><\/span>Externer Ansatz<span class=\"ez-toc-section-end\"><\/span><\/h3>\n<ul>\n<li aria-level=\"1\">Schnitte werden in den Nasenl\u00f6chern und entlang der Knorpels\u00e4ule zwischen den Nasenl\u00f6chern gesetzt.<\/li>\n<li aria-level=\"1\">Diese Schnitte werden verbunden, sodass die Nasenhaut nach oben geklappt werden kann und ein gro\u00dfes Arbeitsfeld entsteht.<\/li>\n<li aria-level=\"1\">Der Chirurg kann umfassende Ver\u00e4nderungen an Nasenknochen und -knorpel vornehmen.<\/li>\n<li aria-level=\"1\">Falls erforderlich, kann zus\u00e4tzlicher Knorpel aus dem Ohr oder aus der Nase selbst entnommen und eingebracht werden.<\/li>\n<li aria-level=\"1\">Der offene Ansatz wird bei komplexeren F\u00e4llen bevorzugt, da er maximale Zug\u00e4nglichkeit bietet.<\/li>\n<\/ul>\n<p>Beide Methoden werden je nach Erfahrung des Chirurgen und den anatomischen Besonderheiten des Patienten gew\u00e4hlt. Diese Wahl wirkt sich direkt auf das \u00e4sthetische Ergebnis aus und beide Ans\u00e4tze bieten bestimmte Vorteile. Nach einer ausf\u00fchrlichen Bewertung mit dem Patienten entscheidet der Chirurg, welche Methode besser geeignet ist.<\/p>\n<p>Schlie\u00dflich kann der angewandte Ansatz w\u00e4hrend der Nasen-OP die Operationsdauer beeinflussen. Der endonasale Ansatz dauert in der Regel k\u00fcrzer, w\u00e4hrend der externe Ansatz einen l\u00e4ngeren und detaillierteren Eingriff erfordert. In beiden F\u00e4llen verbleibt der Patient nach der Operation eine Zeit lang im Ruheraum und die Heilungsphase beginnt. Die Dauer dieses Prozesses h\u00e4ngt von der Komplexit\u00e4t des Eingriffs und dem Umfang der vorgenommenen Korrekturen ab.<\/p>\n<h2><span class=\"ez-toc-section\" id=\"Wie_bereite_ich_mich_auf_eine_Nasen-OP_vor\"><\/span>Wie bereite ich mich auf eine Nasen-OP vor?<span class=\"ez-toc-section-end\"><\/span><\/h2>\n<p>Die Vorbereitungsphase vor der Nasen-OP ist entscheidend f\u00fcr ein erfolgreiches Ergebnis. Die Patienten sollten ab etwa zwei Wochen vor dem Eingriff wichtige Schritte beachten.<\/p>\n<p>Einstellung der Medikamenteneinnahme:<\/p>\n<ul>\n<li aria-level=\"1\">Einige Schmerzmittel k\u00f6nnen die Blutgerinnung verlangsamen. Daher sollten diese Medikamente etwa zwei Wochen vor dem Eingriff abgesetzt werden.<\/li>\n<li aria-level=\"1\">Der Arzt informiert \u00fcber weitere Medikamente, Vitamine und Nahrungserg\u00e4nzungsmittel, die vor der OP abgesetzt werden sollten.<\/li>\n<\/ul>\n<p>Tabak- und Alkoholkonsum:<\/p>\n<ul>\n<li aria-level=\"1\">Rauchen kann die Heilung negativ beeinflussen, da Nikotin die Blutgef\u00e4\u00dfe verengt. Dies verhindert die Versorgung des Gewebes mit Sauerstoff und N\u00e4hrstoffen.<\/li>\n<li aria-level=\"1\">Auch Alkohol sollte vor und nach der Operation gemieden werden, da er die Heilung verlangsamt.<\/li>\n<\/ul>\n<p>Ern\u00e4hrung und Di\u00e4t:<\/p>\n<ul>\n<li aria-level=\"1\">Eine gesunde Ern\u00e4hrung kann den Heilungsprozess vor und nach der OP beschleunigen.<\/li>\n<li aria-level=\"1\">Der Verzehr von proteinreichen Lebensmitteln sowie von Obst und Gem\u00fcse mit hohem Vitamin-C-Gehalt ist wichtig.<\/li>\n<\/ul>\n<p>K\u00f6rperliche Vorbereitung:<\/p>\n<ul>\n<li aria-level=\"1\">K\u00f6rperliche Aktivit\u00e4t kann die Widerstandskraft des K\u00f6rpers vor der OP erh\u00f6hen.<\/li>\n<li aria-level=\"1\">Wenige Tage vor der Operation sollten jedoch intensive \u00dcbungen vermieden werden.<\/li>\n<\/ul>\n<p>Diese Vorbereitungen optimieren die Gesundheit der Patienten f\u00fcr die Nasen-OP und senken das Risiko m\u00f6glicher Komplikationen. Es ist wichtig, die Anweisungen des Arztes w\u00e4hrend dieses Prozesses sorgf\u00e4ltig zu befolgen, um die Heilung zu beschleunigen und das gew\u00fcnschte \u00e4sthetische Ergebnis zu erreichen. Au\u00dferdem steigert die physische und psychische Vorbereitung auf den Eingriff die Erfolgschancen der Operation erheblich.<\/p>\n<h2><span class=\"ez-toc-section\" id=\"Wie_pflege_ich_mich_nach_einer_Nasen-OP\"><\/span>Wie pflege ich mich nach einer Nasen-OP?<span class=\"ez-toc-section-end\"><\/span><\/h2>\n<p>W\u00e4hrend der Heilungsphase nach einer Nasen-OP ist besondere Vorsicht geboten. Zun\u00e4chst sollte man sich nach dem Eingriff einige Stunden ausruhen, bis die Wirkung der An\u00e4sthesie nachl\u00e4sst. Zu Hause wird empfohlen, den Kopf beim Liegen \u00fcber die Brust zu lagern. Diese Position hilft, Schwellungen zu verringern und Blutungen zu vermeiden. Die konsequente Befolgung der Anweisungen des Arztes beschleunigt die Genesung.<\/p>\n<p>Folgende Ma\u00dfnahmen sollten in der ersten Woche nach der Operation beachtet werden:<\/p>\n<ul>\n<li aria-level=\"1\">Kontrollieren Sie, ob Fieber oder starke Blutungen auftreten.<\/li>\n<li aria-level=\"1\">Nehmen Sie die von Ihrem Arzt verschriebenen Schmerzmittel ein.<\/li>\n<li aria-level=\"1\">Waschen Sie Ihr Gesicht vorsichtig und halten Sie es trocken.<\/li>\n<\/ul>\n<p>W\u00e4hrend der Heilung sind au\u00dferdem folgende Verhaltensweisen ratsam:<\/p>\n<ul>\n<li aria-level=\"1\">Vermeiden Sie schwere k\u00f6rperliche Aktivit\u00e4ten.<\/li>\n<li aria-level=\"1\">Meiden Sie jegliche Bewegung, die Druck auf das Gesicht aus\u00fcben k\u00f6nnte.<\/li>\n<li aria-level=\"1\">Entfernen Sie medizinische Hilfsmittel wie Schiene oder Tamponade nur f\u00fcr den vom Arzt angegebenen Zeitraum.<\/li>\n<\/ul>\n<p>Um das Verletzungsrisiko in der ersten Woche zu minimieren, sollten weitere Vorkehrungen getroffen werden:<\/p>\n<ul>\n<li aria-level=\"1\">Vermeiden Sie starke Gesichtsbewegungen wie \u00fcberm\u00e4\u00dfiges Lachen oder L\u00e4cheln.<\/li>\n<li aria-level=\"1\">Tragen Sie statt Kleidungsst\u00fccken zum \u00dcberziehen lieber Hemden mit Kn\u00f6pfen.<\/li>\n<li aria-level=\"1\">Setzen Sie Accessoires wie Brillen nicht direkt auf die Nase.<\/li>\n<\/ul>\n<p>Bei Sonnenexposition kann es zu Farbver\u00e4nderungen der Nasenhaut kommen. Deshalb:<\/p>\n<ul>\n<li aria-level=\"1\">Verwenden Sie Sonnenschutzcreme.<\/li>\n<li aria-level=\"1\">Sch\u00fctzen Sie Ihr Gesicht nach M\u00f6glichkeit mit einem Hut oder einem breitkrempigen Sonnenhut vor der Sonne.<\/li>\n<\/ul>\n<p>Achten Sie zudem auf eine ausgewogene Ern\u00e4hrung, um dem K\u00f6rper alle notwendigen Vitamine und Mineralstoffe zuzuf\u00fchren. Trinken Sie ausreichend Wasser und halten Sie sich an einen ausgewogenen Ern\u00e4hrungsplan. Wenn Sie gut auf sich achten, k\u00f6nnen Sie etwa eine Woche nach der Operation wieder in den normalen Alltag zur\u00fcckkehren.<\/p>\n","protected":false},"excerpt":{"rendered":"<p>Die Dauer einer Nasen-OP h\u00e4ngt von der Komplexit\u00e4t des Eingriffs ab. Eine einfache Korrektur dauert etwa ein bis zwei Stunden, w\u00e4hrend umfangreiche Rekonstruktionen drei bis vier Stunden in Anspruch nehmen k\u00f6nnen. Der Operationsverlauf umfasst An\u00e4sthesie, chirurgische Anpassungen und die postoperative Versorgung. Ein pr\u00e4zises Vorgehen ist entscheidend, um ein stabiles und \u00e4sthetisches Ergebnis zu erzielen. Auch [&#8230;]\n","protected":false},"author":990002,"featured_media":2153,"comment_status":"closed","ping_status":"closed","sticky":false,"template":"","format":"standard","meta":{"footnotes":""},"categories":[78],"tags":[],"class_list":["post-9789","post","type-post","status-publish","format-standard","has-post-thumbnail","hentry","category-nasen-op"],"_links":{"self":[{"href":"https:\/\/www.alevcamcioglu.com\/de\/wp-json\/wp\/v2\/posts\/9789","targetHints":{"allow":["GET"]}}],"collection":[{"href":"https:\/\/www.alevcamcioglu.com\/de\/wp-json\/wp\/v2\/posts"}],"about":[{"href":"https:\/\/www.alevcamcioglu.com\/de\/wp-json\/wp\/v2\/types\/post"}],"author":[{"embeddable":true,"href":"https:\/\/www.alevcamcioglu.com\/de\/wp-json\/wp\/v2\/users\/990002"}],"replies":[{"embeddable":true,"href":"https:\/\/www.alevcamcioglu.com\/de\/wp-json\/wp\/v2\/comments?post=9789"}],"version-history":[{"count":2,"href":"https:\/\/www.alevcamcioglu.com\/de\/wp-json\/wp\/v2\/posts\/9789\/revisions"}],"predecessor-version":[{"id":10652,"href":"https:\/\/www.alevcamcioglu.com\/de\/wp-json\/wp\/v2\/posts\/9789\/revisions\/10652"}],"wp:featuredmedia":[{"embeddable":true,"href":"https:\/\/www.alevcamcioglu.com\/de\/wp-json\/wp\/v2\/media\/2153"}],"wp:attachment":[{"href":"https:\/\/www.alevcamcioglu.com\/de\/wp-json\/wp\/v2\/media?parent=9789"}],"wp:term":[{"taxonomy":"category","embeddable":true,"href":"https:\/\/www.alevcamcioglu.com\/de\/wp-json\/wp\/v2\/categories?post=9789"},{"taxonomy":"post_tag","embeddable":true,"href":"https:\/\/www.alevcamcioglu.com\/de\/wp-json\/wp\/v2\/tags?post=9789"}],"curies":[{"name":"wp","href":"https:\/\/api.w.org\/{rel}","templated":true}]}}