{"id":10065,"date":"2024-11-22T12:02:22","date_gmt":"2024-11-22T12:02:22","guid":{"rendered":"https:\/\/www.alevcamcioglu.com\/?p=10065"},"modified":"2025-08-27T17:18:39","modified_gmt":"2025-08-27T17:18:39","slug":"was-bedeuten-erhebungen-an-der-nasenspitze","status":"publish","type":"post","link":"https:\/\/www.alevcamcioglu.com\/de\/was-bedeuten-erhebungen-an-der-nasenspitze\/","title":{"rendered":"Was bedeuten Erhebungen an der Nasenspitze?"},"content":{"rendered":"<p><span style=\"font-weight: 400;\">Erhebungen an der Nasenspitze k\u00f6nnen auf unregelm\u00e4\u00dfige Knorpelstrukturen, Narbengewebe oder postoperatives Schwellungsgewebe hinweisen. Sie treten sowohl nach einer Rhinoplastik als auch von Natur aus auf.<\/span><\/p>\n<p><span style=\"font-weight: 400;\">Nach einer Operation entstehen Erhebungen h\u00e4ufig durch ungleichm\u00e4\u00dfiges Abschwellen der Gewebe. Diese Ver\u00e4nderungen sind meist vor\u00fcbergehend und bilden sich innerhalb einiger Monate zur\u00fcck.<\/span><\/p>\n<p><span style=\"font-weight: 400;\">Bleibende Erhebungen k\u00f6nnen durch ungleichm\u00e4\u00dfig bearbeitete Knorpel oder \u00fcbersch\u00fcssiges Narbengewebe verursacht sein. In solchen F\u00e4llen ist eine Korrekturoperation oder minimalinvasive Behandlung m\u00f6glich.<\/span><\/p>\n<p><span style=\"font-weight: 400;\">Eine genaue Untersuchung durch den Facharzt ist notwendig, um die Ursache festzustellen. Erst dadurch l\u00e4sst sich entscheiden, ob die Erhebungen harmlos sind oder eine chirurgische Nachkorrektur erfordern.<\/span><\/p>\n<div id=\"ez-toc-container\" class=\"ez-toc-v2_0_82_2 counter-hierarchy ez-toc-counter ez-toc-grey ez-toc-container-direction\">\n<div class=\"ez-toc-title-container\">\n<p class=\"ez-toc-title\" style=\"cursor:inherit\">Inhaltsverzeichnis<\/p>\n<span class=\"ez-toc-title-toggle\"><a href=\"#\" class=\"ez-toc-pull-right ez-toc-btn ez-toc-btn-xs ez-toc-btn-default ez-toc-toggle\" aria-label=\"Toggle Table of Content\"><span class=\"ez-toc-js-icon-con\"><span class=\"\"><span class=\"eztoc-hide\" style=\"display:none;\">Toggle<\/span><span class=\"ez-toc-icon-toggle-span\"><svg style=\"fill: #999;color:#999\" xmlns=\"http:\/\/www.w3.org\/2000\/svg\" class=\"list-377408\" width=\"20px\" height=\"20px\" viewBox=\"0 0 24 24\" fill=\"none\"><path d=\"M6 6H4v2h2V6zm14 0H8v2h12V6zM4 11h2v2H4v-2zm16 0H8v2h12v-2zM4 16h2v2H4v-2zm16 0H8v2h12v-2z\" fill=\"currentColor\"><\/path><\/svg><svg style=\"fill: #999;color:#999\" class=\"arrow-unsorted-368013\" xmlns=\"http:\/\/www.w3.org\/2000\/svg\" width=\"10px\" height=\"10px\" viewBox=\"0 0 24 24\" version=\"1.2\" baseProfile=\"tiny\"><path d=\"M18.2 9.3l-6.2-6.3-6.2 6.3c-.2.2-.3.4-.3.7s.1.5.3.7c.2.2.4.3.7.3h11c.3 0 .5-.1.7-.3.2-.2.3-.5.3-.7s-.1-.5-.3-.7zM5.8 14.7l6.2 6.3 6.2-6.3c.2-.2.3-.5.3-.7s-.1-.5-.3-.7c-.2-.2-.4-.3-.7-.3h-11c-.3 0-.5.1-.7.3-.2.2-.3.5-.3.7s.1.5.3.7z\"\/><\/svg><\/span><\/span><\/span><\/a><\/span><\/div>\n<nav><ul class='ez-toc-list ez-toc-list-level-1 ' ><li class='ez-toc-page-1 ez-toc-heading-level-2'><a class=\"ez-toc-link ez-toc-heading-1\" href=\"https:\/\/www.alevcamcioglu.com\/de\/was-bedeuten-erhebungen-an-der-nasenspitze\/#Wie_verursacht_Nasenvestibulitis_Schwellungen_an_der_Nase\" >Wie verursacht Nasenvestibulitis Schwellungen an der Nase?<\/a><\/li><li class='ez-toc-page-1 ez-toc-heading-level-2'><a class=\"ez-toc-link ez-toc-heading-2\" href=\"https:\/\/www.alevcamcioglu.com\/de\/was-bedeuten-erhebungen-an-der-nasenspitze\/#Was_ist_eine_fibroese_Papeln_und_wie_zeigt_sie_sich_an_der_Nasenspitze\" >Was ist eine fibr\u00f6se Papeln und wie zeigt sie sich an der Nasenspitze?<\/a><\/li><li class='ez-toc-page-1 ez-toc-heading-level-2'><a class=\"ez-toc-link ez-toc-heading-3\" href=\"https:\/\/www.alevcamcioglu.com\/de\/was-bedeuten-erhebungen-an-der-nasenspitze\/#Kann_Rhinophyma_zu_Schwellungen_an_der_Nasenspitze_fuehren\" >Kann Rhinophyma zu Schwellungen an der Nasenspitze f\u00fchren?<\/a><\/li><li class='ez-toc-page-1 ez-toc-heading-level-2'><a class=\"ez-toc-link ez-toc-heading-4\" href=\"https:\/\/www.alevcamcioglu.com\/de\/was-bedeuten-erhebungen-an-der-nasenspitze\/#Wie_werden_Schwellungen_an_der_Nasenspitze_diagnostiziert_und_behandelt\" >Wie werden Schwellungen an der Nasenspitze diagnostiziert und behandelt?<\/a><\/li><li class='ez-toc-page-1 ez-toc-heading-level-2'><a class=\"ez-toc-link ez-toc-heading-5\" href=\"https:\/\/www.alevcamcioglu.com\/de\/was-bedeuten-erhebungen-an-der-nasenspitze\/#Welche_Massnahmen_koennen_zur_Vorbeugung_von_Schwellungen_an_der_Nasenspitze_ergriffen_werden\" >Welche Ma\u00dfnahmen k\u00f6nnen zur Vorbeugung von Schwellungen an der Nasenspitze ergriffen werden?<\/a><\/li><li class='ez-toc-page-1 ez-toc-heading-level-2'><a class=\"ez-toc-link ez-toc-heading-6\" href=\"https:\/\/www.alevcamcioglu.com\/de\/was-bedeuten-erhebungen-an-der-nasenspitze\/#Haeufig_gestellte_Fragen\" >H\u00e4ufig gestellte Fragen<\/a><\/li><\/ul><\/nav><\/div>\n<h2><span class=\"ez-toc-section\" id=\"Wie_verursacht_Nasenvestibulitis_Schwellungen_an_der_Nase\"><\/span>Wie verursacht Nasenvestibulitis Schwellungen an der Nase?<span class=\"ez-toc-section-end\"><\/span><\/h2>\n<p>Die Nasenvestibulitis ist eine Infektion im Inneren des Nasenlochs, die meist durch das Bakterium Staphylococcus aureus verursacht wird. Diese Infektion \u00e4u\u00dfert sich durch R\u00f6tung, Schwellung und Empfindlichkeit im Nasenbereich. Kleine Wunden und Reizungen im Naseninneren schaffen ein geeignetes Umfeld f\u00fcr bakterielle Infektionen.<\/p>\n<p>Verhaltensweisen, die eine Infektion beg\u00fcnstigen k\u00f6nnen:<\/p>\n<ul>\n<li aria-level=\"1\">In der Nase bohren<\/li>\n<li aria-level=\"1\">\u00dcberm\u00e4\u00dfiges Naseputzen<\/li>\n<li aria-level=\"1\">Ausrei\u00dfen der Nasenhaare<\/li>\n<\/ul>\n<p>Die Nasenvestibulitis zeigt sich in der Regel durch Verkrustungen im Nasenloch, Narben und schmerzhafte, pickelartige Schwellungen. In fortgeschrittenen F\u00e4llen kann die Infektion zu einem Abszess werden. Diese Situation wird als Nasenvestibul\u00e4rer Furunkel bezeichnet und kann unbehandelt zu ernsthaften Komplikationen f\u00fchren.<\/p>\n<p>Im Behandlungsprozess k\u00f6nnen topische Antibiotika-Salben verwendet werden. Beispiele hierf\u00fcr:<\/p>\n<ul>\n<li aria-level=\"1\">Mupirocin<\/li>\n<li aria-level=\"1\">Fusidins\u00e4ure<\/li>\n<\/ul>\n<p>Wenn die Infektion fortgeschritten ist, k\u00f6nnen \u00c4rzte eine orale Antibiotikatherapie empfehlen. Die Einhaltung von Hygieneregeln und das Vermeiden von Reizungen im Nasenbereich sind entscheidend, um das erneute Auftreten der Infektion zu verhindern.<\/p>\n<h2><span class=\"ez-toc-section\" id=\"Was_ist_eine_fibroese_Papeln_und_wie_zeigt_sie_sich_an_der_Nasenspitze\"><\/span>Was ist eine fibr\u00f6se Papeln und wie zeigt sie sich an der Nasenspitze?<span class=\"ez-toc-section-end\"><\/span><\/h2>\n<p>Fibr\u00f6se Papeln sind gutartige Hautl\u00e4sionen, die h\u00e4ufig im zentralen Bereich von Nase und Gesicht auftreten. Diese L\u00e4sionen sind meist hautfarben oder leicht r\u00f6tlich und haben eine feste Beschaffenheit. Sie sind klein, meist 1\u20135 Millimeter gro\u00df. Fibr\u00f6se Papeln sind beim Tasten schmerzlos und besitzen eine glatte Oberfl\u00e4che.<\/p>\n<p>Eigenschaften fibr\u00f6ser Papeln:<\/p>\n<ul>\n<li aria-level=\"1\">Rund und klein<\/li>\n<li aria-level=\"1\">Feste Struktur<\/li>\n<li aria-level=\"1\">Hautfarben oder r\u00f6tlich<\/li>\n<li aria-level=\"1\">1\u20135 Millimeter Durchmesser<\/li>\n<li aria-level=\"1\">Gr\u00f6\u00dfenver\u00e4nderung im Laufe der Zeit bleibt meist aus<\/li>\n<\/ul>\n<p>Mikroskopisch sind fibr\u00f6se Papeln durch eine Zunahme von Bindegewebszellen (Fibroblasten) und erweiterten Blutgef\u00e4\u00dfen gekennzeichnet. Es wird angenommen, dass sie von dermalen Dendrozyten ausgehen und meist zur Gruppe der Angiofibrome geh\u00f6ren. Die genaue Ursache f\u00fcr diese L\u00e4sionen ist nicht bekannt, aber sie treten h\u00e4ufiger in talgdr\u00fcsenreichen Bereichen wie der Nase auf. Auch Umweltfaktoren k\u00f6nnen ihre Entwicklung beeinflussen.<\/p>\n<p>Fibr\u00f6se Papeln sind meist harmlos und ben\u00f6tigen keine Behandlung. Aus \u00e4sthetischen Gr\u00fcnden m\u00f6chten manche Betroffene sie jedoch entfernen lassen. Zu den Behandlungsm\u00f6glichkeiten z\u00e4hlen chirurgische Entfernung, Elektrokauterisation und Laseranwendungen. Welche Methode gew\u00e4hlt wird, h\u00e4ngt von den Vorlieben der Person und den Eigenschaften der L\u00e4sion ab. Die Wahrscheinlichkeit eines Wiederauftretens ist gering, dennoch ist nach der Behandlung auf Hautpflege zu achten.<\/p>\n<h2><span class=\"ez-toc-section\" id=\"Kann_Rhinophyma_zu_Schwellungen_an_der_Nasenspitze_fuehren\"><\/span>Kann Rhinophyma zu Schwellungen an der Nasenspitze f\u00fchren?<span class=\"ez-toc-section-end\"><\/span><\/h2>\n<p>Rhinophyma ist eine fortgeschrittene Form der Rosazea, die sich durch ausgepr\u00e4gte Schwellungen und Formver\u00e4nderungen an der Nasenspitze zeigt. Dies entsteht meist durch eine chronische Entz\u00fcndung der Nasenhaut und eine \u00fcberm\u00e4\u00dfige Vergr\u00f6\u00dferung der Talgdr\u00fcsen. Die Symptome der Erkrankung k\u00f6nnen zu \u00e4sthetischen Problemen f\u00fchren und die Lebensqualit\u00e4t beeintr\u00e4chtigen.<\/p>\n<p>M\u00f6gliche Ver\u00e4nderungen durch Rhinophyma:<\/p>\n<ul>\n<li aria-level=\"1\">Verdickung der Haut<\/li>\n<li aria-level=\"1\">Kn\u00f6tchenartige Strukturen an der Nasenspitze<\/li>\n<li aria-level=\"1\">Unregelm\u00e4\u00dfige Oberfl\u00e4che<\/li>\n<li aria-level=\"1\">R\u00f6tung und sichtbare Gef\u00e4\u00dfe<\/li>\n<\/ul>\n<p>Unbehandelt kann Rhinophyma zu schwerwiegenderen Formver\u00e4nderungen der Nase f\u00fchren. Zu den Behandlungsm\u00f6glichkeiten geh\u00f6ren Medikamente zur Linderung der Rosazea-Symptome, Laserbehandlungen und chirurgische Eingriffe. Besonders in fortgeschrittenen F\u00e4llen bieten chirurgische Methoden eine effektive L\u00f6sung. Dabei werden sowohl Deformit\u00e4ten der Nase korrigiert als auch das normale Hautbild wiederhergestellt.<\/p>\n<h2><span class=\"ez-toc-section\" id=\"Wie_werden_Schwellungen_an_der_Nasenspitze_diagnostiziert_und_behandelt\"><\/span>Wie werden Schwellungen an der Nasenspitze diagnostiziert und behandelt?<span class=\"ez-toc-section-end\"><\/span><\/h2>\n<p><a href=\"https:\/\/www.alevcamcioglu.com\/burun-estetigi\/tipplasti\/\">Die Diagnose und Behandlung von Schwellungen an der Nasenspitze<\/a> variiert je nach zugrunde liegender Ursache. F\u00fcr eine genaue Diagnose sind eine umfassende Beurteilung und die Wahl geeigneter Methoden wichtig.<\/p>\n<p>Diagnosemethoden:<\/p>\n<ul>\n<li aria-level=\"1\">Visuelle Untersuchung<\/li>\n<li aria-level=\"1\">Palpation<\/li>\n<li aria-level=\"1\">Dermatoskopie<\/li>\n<li aria-level=\"1\">Biopsie<\/li>\n<li aria-level=\"1\">Ultraschall<\/li>\n<li aria-level=\"1\">MRT und CT<\/li>\n<\/ul>\n<p>Behandlungsmethoden:<\/p>\n<ul>\n<li aria-level=\"1\">Antibiotische Salben<\/li>\n<li aria-level=\"1\">Steroidcremes<\/li>\n<li aria-level=\"1\">Orale Antibiotika<\/li>\n<li aria-level=\"1\">Isotretinoin<\/li>\n<li aria-level=\"1\">Kryotherapie<\/li>\n<li aria-level=\"1\">Laserbehandlung<\/li>\n<li aria-level=\"1\">Chirurgische Eingriffe<\/li>\n<li aria-level=\"1\">Photodynamische Therapie<\/li>\n<li aria-level=\"1\">Chemisches Peeling<\/li>\n<\/ul>\n<p>Zus\u00e4tzlich werden beim Behandlungsprozess auch der allgemeine Gesundheitszustand und die Lebensgewohnheiten der betroffenen Person ber\u00fccksichtigt. Die Konsultation eines Spezialisten ist sowohl f\u00fcr die richtige Diagnose als auch f\u00fcr langfristige Ergebnisse von entscheidender Bedeutung.<\/p>\n<h2><span class=\"ez-toc-section\" id=\"Welche_Massnahmen_koennen_zur_Vorbeugung_von_Schwellungen_an_der_Nasenspitze_ergriffen_werden\"><\/span>Welche Ma\u00dfnahmen k\u00f6nnen zur Vorbeugung von Schwellungen an der Nasenspitze ergriffen werden?<span class=\"ez-toc-section-end\"><\/span><\/h2>\n<p>Um die Entstehung von Schwellungen an der Nasenspitze zu verhindern, sind regelm\u00e4\u00dfige Pflege und richtige Gewohnheiten wichtig. F\u00fcr eine gesunde Nasenstruktur sollten folgende Punkte beachtet werden:<\/p>\n<ul>\n<li aria-level=\"1\">Sanfte Reinigung des Naseninneren<\/li>\n<li aria-level=\"1\">Verwendung von Salzsprays<\/li>\n<li aria-level=\"1\">Vermeidung von starkem Schn\u00e4uzen<\/li>\n<li aria-level=\"1\">Kein Nasenbohren und kein Kratzen<\/li>\n<li aria-level=\"1\">Schutz vor Umweltreizstoffen<\/li>\n<li aria-level=\"1\">Verwendung von Luftbefeuchtern<\/li>\n<li aria-level=\"1\">Regelm\u00e4\u00dfiges H\u00e4ndewaschen<\/li>\n<li aria-level=\"1\">Ausreichende Fl\u00fcssigkeitszufuhr<\/li>\n<li aria-level=\"1\">Keine Pickel ausdr\u00fccken<\/li>\n<li aria-level=\"1\">Sorgf\u00e4ltige Behandlung von Allergien<\/li>\n<\/ul>\n<p>Dar\u00fcber hinaus ist es wichtig, regelm\u00e4\u00dfige Arztbesuche durchzuf\u00fchren und bei Verdacht auf Ver\u00e4nderungen fr\u00fchzeitig einzugreifen, um die Nasengesundheit zu erhalten. Es sollte darauf geachtet werden, dass Produkte wie Cremes und Make-up im Nasenbereich hypoallergen und hautfreundlich sind.<\/p>\n<h2><span class=\"ez-toc-section\" id=\"Haeufig_gestellte_Fragen\"><\/span>H\u00e4ufig gestellte Fragen<span class=\"ez-toc-section-end\"><\/span><\/h2>\n<p><strong>Welche Ursachen haben Vorw\u00f6lbungen an der Nasenspitze meist?<\/strong><\/p>\n<p>Zu den h\u00e4ufigsten Ursachen f\u00fcr Vorw\u00f6lbungen an der Nasenspitze z\u00e4hlen Akne vulgaris \u2013 eine Erkrankung, die etwa 85 % der 12- bis 24-J\u00e4hrigen betrifft; Nasenvestibulitis, Infektionen am Naseneingang durch Staphylococcus-aureus-Bakterien; Nasenpolypen, gutartige Wucherungen, die etwa 1,95 % der Allgemeinbev\u00f6lkerung betreffen; Rhinophyma, eine schwere Form der Rosazea, die Schwellungen, R\u00f6tungen und Vorspr\u00fcnge an der Nase verursacht; sowie Nasentrauma oder Verletzungen, die zu Schwellungen oder H\u00e4matomen f\u00fchren k\u00f6nnen. Au\u00dferdem kann ein Furunkel der Nasenhaarfollikel im Winter aufgrund von Erk\u00e4ltungen und Nasenreizungen zu roten, schmerzhaften Erhebungen an der Nasenspitze f\u00fchren.<\/p>\n<p><strong>Treten diese Vorw\u00f6lbungen h\u00e4ufiger vor oder nach einer Operation auf?<\/strong><\/p>\n<p>Vorw\u00f6lbungen an der Nasenspitze k\u00f6nnen nach einer Nasen-OP auftreten, etwa wenn zu viel Knorpel entfernt oder die Nasenspitze nicht ausreichend gest\u00fctzt wird. Im pr\u00e4operativen Stadium ist eine gro\u00dfe Nasenspitze bei 25 % der Patienten, die eine Revisions-Nasen-OP w\u00fcnschen, ein h\u00e4ufiges Problem, w\u00e4hrend Asymmetrien der Nasenspitze bei 26 % der F\u00e4lle festgestellt werden. Postoperativ k\u00f6nnen bei \u00fcberm\u00e4\u00dfiger K\u00fcrzung oder mangelnder Stabilit\u00e4t der Nasenspitze Deformit\u00e4ten und Vorw\u00f6lbungen auftreten.<\/p>\n<p><strong>Welche Techniken werden zur Korrektur der Vorw\u00f6lbungen eingesetzt?<\/strong><\/p>\n<p>Zur Korrektur von Vorw\u00f6lbungen an der Nasenspitze werden w\u00e4hrend der Nasen-OP verschiedene Techniken angewendet, darunter die \u201ecephalische Resektion\u201c, bei der ein Teil des oberen Knorpels entfernt wird. Um die Nasenspitze zu verschm\u00e4lern und zu formen, werden Nahttechniken wie transdomale und interdomale N\u00e4hte eingesetzt. In manchen F\u00e4llen kommen auch Knorpeltransplantate, insbesondere Kap-Grafts, zum Einsatz, um Definition und Projektion zu verbessern. Diese Techniken werden je nach individueller Anatomie kombiniert, um ein ausgewogenes Nasenbild zu erzielen.<\/p>\n<p><strong>K\u00f6nnen Vorw\u00f6lbungen an der Nasenspitze zu Atemproblemen f\u00fchren?<\/strong><\/p>\n<p>Ja, Vorw\u00f6lbungen an der Nasenspitze k\u00f6nnen zu Atemproblemen f\u00fchren. Zust\u00e4nde wie das Absinken der Nasenspitze (Nasenspitzenptosis) k\u00f6nnen durch geschw\u00e4chten Knorpel und B\u00e4nder den Atemweg verengen oder blockieren. Dies kann zu erschwerter Atmung, Schnarchen, Schlafapnoe, chronischer Nasenverstopfung und vermehrtem Nasenausfluss f\u00fchren. Auch Nasenvestibulitis und andere Infektionen k\u00f6nnen durch Entz\u00fcndungen im Naseninneren das Atmen erschweren. Somit k\u00f6nnen strukturelle Anomalien oder Infektionen an der Nasenspitze zu verstopfter Nase und Atemproblemen f\u00fchren.<\/p>\n<p><strong>Wie kann die Entstehung von Vorw\u00f6lbungen nach einer Operation verhindert werden?<\/strong><\/p>\n<p>Um die Entstehung von Vorw\u00f6lbungen an der Nasenspitze nach einer Nasen-OP zu vermeiden, sollten Chirurgen die Gewebemanipulation auf ein Minimum beschr\u00e4nken, die nat\u00fcrlichen St\u00fctzstrukturen der Nase erhalten und die Kanten von Knorpeltransplantaten oder -schnitten abrunden. Das Abdecken der Knorpeltransplantate mit Perichondriumgrafts kann helfen, scharfe Kanten abzumildern und Hohlr\u00e4ume zu f\u00fcllen, wodurch das Risiko postoperativer Unregelm\u00e4\u00dfigkeiten sinkt. Au\u00dferdem sollten Patienten zur schnelleren Heilung kalte Kompressen anwenden, beim Liegen den Kopf hoch lagern und die Nase gem\u00e4\u00df den Empfehlungen des Chirurgen sanft massieren. Regelm\u00e4\u00dfige Kontrolltermine sind wichtig, um den Heilungsverlauf zu beobachten und bei Problemen rechtzeitig eingreifen zu k\u00f6nnen.<\/p>\n","protected":false},"excerpt":{"rendered":"<p>Erhebungen an der Nasenspitze k\u00f6nnen auf unregelm\u00e4\u00dfige Knorpelstrukturen, Narbengewebe oder postoperatives Schwellungsgewebe hinweisen. Sie treten sowohl nach einer Rhinoplastik als auch von Natur aus auf. Nach einer Operation entstehen Erhebungen h\u00e4ufig durch ungleichm\u00e4\u00dfiges Abschwellen der Gewebe. Diese Ver\u00e4nderungen sind meist vor\u00fcbergehend und bilden sich innerhalb einiger Monate zur\u00fcck. Bleibende Erhebungen k\u00f6nnen durch ungleichm\u00e4\u00dfig bearbeitete Knorpel [&#8230;]\n","protected":false},"author":990002,"featured_media":6661,"comment_status":"closed","ping_status":"open","sticky":false,"template":"","format":"standard","meta":{"footnotes":""},"categories":[116],"tags":[],"class_list":["post-10065","post","type-post","status-publish","format-standard","has-post-thumbnail","hentry","category-nasengesundheit"],"_links":{"self":[{"href":"https:\/\/www.alevcamcioglu.com\/de\/wp-json\/wp\/v2\/posts\/10065","targetHints":{"allow":["GET"]}}],"collection":[{"href":"https:\/\/www.alevcamcioglu.com\/de\/wp-json\/wp\/v2\/posts"}],"about":[{"href":"https:\/\/www.alevcamcioglu.com\/de\/wp-json\/wp\/v2\/types\/post"}],"author":[{"embeddable":true,"href":"https:\/\/www.alevcamcioglu.com\/de\/wp-json\/wp\/v2\/users\/990002"}],"replies":[{"embeddable":true,"href":"https:\/\/www.alevcamcioglu.com\/de\/wp-json\/wp\/v2\/comments?post=10065"}],"version-history":[{"count":2,"href":"https:\/\/www.alevcamcioglu.com\/de\/wp-json\/wp\/v2\/posts\/10065\/revisions"}],"predecessor-version":[{"id":10623,"href":"https:\/\/www.alevcamcioglu.com\/de\/wp-json\/wp\/v2\/posts\/10065\/revisions\/10623"}],"wp:featuredmedia":[{"embeddable":true,"href":"https:\/\/www.alevcamcioglu.com\/de\/wp-json\/wp\/v2\/media\/6661"}],"wp:attachment":[{"href":"https:\/\/www.alevcamcioglu.com\/de\/wp-json\/wp\/v2\/media?parent=10065"}],"wp:term":[{"taxonomy":"category","embeddable":true,"href":"https:\/\/www.alevcamcioglu.com\/de\/wp-json\/wp\/v2\/categories?post=10065"},{"taxonomy":"post_tag","embeddable":true,"href":"https:\/\/www.alevcamcioglu.com\/de\/wp-json\/wp\/v2\/tags?post=10065"}],"curies":[{"name":"wp","href":"https:\/\/api.w.org\/{rel}","templated":true}]}}