{"id":10057,"date":"2024-11-22T12:00:35","date_gmt":"2024-11-22T12:00:35","guid":{"rendered":"https:\/\/www.alevcamcioglu.com\/?p=10057"},"modified":"2025-08-27T17:11:14","modified_gmt":"2025-08-27T17:11:14","slug":"operation-bei-haengender-columella","status":"publish","type":"post","link":"https:\/\/www.alevcamcioglu.com\/de\/operation-bei-haengender-columella\/","title":{"rendered":"Operation bei h\u00e4ngender Columella"},"content":{"rendered":"<p><span style=\"font-weight: 400;\">Eine h\u00e4ngende Columella liegt vor, wenn der Gewebestreifen zwischen den Nasenl\u00f6chern deutlich nach unten ragt. Dies kann das \u00e4sthetische Erscheinungsbild st\u00f6ren und in manchen F\u00e4llen auch die Nasenfunktion beeintr\u00e4chtigen.<\/span><\/p>\n<p><span style=\"font-weight: 400;\">Die operative Korrektur umfasst das Anpassen von Knorpel- und Weichteilstrukturen. Ziel ist es, die Columella zu verk\u00fcrzen und in Einklang mit Nasenspitze und Nasenfl\u00fcgeln zu bringen.<\/span><\/p>\n<p><span style=\"font-weight: 400;\">Die Technik richtet sich nach der individuellen Anatomie. H\u00e4ufig wird \u00fcbersch\u00fcssiges Gewebe entfernt oder Knorpel umgeformt, um ein harmonisches Verh\u00e4ltnis zur gesamten Nasenstruktur zu schaffen.<\/span><\/p>\n<p><span style=\"font-weight: 400;\">Das Ergebnis ist eine ausgewogene Nasen\u00e4sthetik, die das Gesichtsprofil harmonischer wirken l\u00e4sst. Eine sorgf\u00e4ltige Nachsorge unterst\u00fctzt die Heilung und sorgt f\u00fcr langfristige Stabilit\u00e4t.<\/span><\/p>\n<div id=\"ez-toc-container\" class=\"ez-toc-v2_0_82_2 counter-hierarchy ez-toc-counter ez-toc-grey ez-toc-container-direction\">\n<div class=\"ez-toc-title-container\">\n<p class=\"ez-toc-title\" style=\"cursor:inherit\">Inhaltsverzeichnis<\/p>\n<span class=\"ez-toc-title-toggle\"><a href=\"#\" class=\"ez-toc-pull-right ez-toc-btn ez-toc-btn-xs ez-toc-btn-default ez-toc-toggle\" aria-label=\"Toggle Table of Content\"><span class=\"ez-toc-js-icon-con\"><span class=\"\"><span class=\"eztoc-hide\" style=\"display:none;\">Toggle<\/span><span class=\"ez-toc-icon-toggle-span\"><svg style=\"fill: #999;color:#999\" xmlns=\"http:\/\/www.w3.org\/2000\/svg\" class=\"list-377408\" width=\"20px\" height=\"20px\" viewBox=\"0 0 24 24\" fill=\"none\"><path d=\"M6 6H4v2h2V6zm14 0H8v2h12V6zM4 11h2v2H4v-2zm16 0H8v2h12v-2zM4 16h2v2H4v-2zm16 0H8v2h12v-2z\" fill=\"currentColor\"><\/path><\/svg><svg style=\"fill: #999;color:#999\" class=\"arrow-unsorted-368013\" xmlns=\"http:\/\/www.w3.org\/2000\/svg\" width=\"10px\" height=\"10px\" viewBox=\"0 0 24 24\" version=\"1.2\" baseProfile=\"tiny\"><path d=\"M18.2 9.3l-6.2-6.3-6.2 6.3c-.2.2-.3.4-.3.7s.1.5.3.7c.2.2.4.3.7.3h11c.3 0 .5-.1.7-.3.2-.2.3-.5.3-.7s-.1-.5-.3-.7zM5.8 14.7l6.2 6.3 6.2-6.3c.2-.2.3-.5.3-.7s-.1-.5-.3-.7c-.2-.2-.4-.3-.7-.3h-11c-.3 0-.5.1-.7.3-.2.2-.3.5-.3.7s.1.5.3.7z\"\/><\/svg><\/span><\/span><\/span><\/a><\/span><\/div>\n<nav><ul class='ez-toc-list ez-toc-list-level-1 ' ><li class='ez-toc-page-1 ez-toc-heading-level-2'><a class=\"ez-toc-link ez-toc-heading-1\" href=\"https:\/\/www.alevcamcioglu.com\/de\/operation-bei-haengender-columella\/#Was_ist_eine_Kolumella-Senkung_und_wie_beeinflusst_sie_die_Nasenaesthetik\" >Was ist eine Kolumella-Senkung und wie beeinflusst sie die Nasen\u00e4sthetik?<\/a><\/li><li class='ez-toc-page-1 ez-toc-heading-level-2'><a class=\"ez-toc-link ez-toc-heading-2\" href=\"https:\/\/www.alevcamcioglu.com\/de\/operation-bei-haengender-columella\/#Was_sind_die_haeufigsten_Ursachen_einer_Kolumella-Senkung\" >Was sind die h\u00e4ufigsten Ursachen einer Kolumella-Senkung?<\/a><\/li><li class='ez-toc-page-1 ez-toc-heading-level-2'><a class=\"ez-toc-link ez-toc-heading-3\" href=\"https:\/\/www.alevcamcioglu.com\/de\/operation-bei-haengender-columella\/#Wie_wird_eine_Kolumella-Senkung_diagnostiziert\" >Wie wird eine Kolumella-Senkung diagnostiziert?<\/a><\/li><li class='ez-toc-page-1 ez-toc-heading-level-2'><a class=\"ez-toc-link ez-toc-heading-4\" href=\"https:\/\/www.alevcamcioglu.com\/de\/operation-bei-haengender-columella\/#Mit_welchen_chirurgischen_Techniken_kann_eine_Kolumella-Senkung_korrigiert_werden\" >Mit welchen chirurgischen Techniken kann eine Kolumella-Senkung korrigiert werden?<\/a><\/li><li class='ez-toc-page-1 ez-toc-heading-level-2'><a class=\"ez-toc-link ez-toc-heading-5\" href=\"https:\/\/www.alevcamcioglu.com\/de\/operation-bei-haengender-columella\/#Wie_verlaeuft_die_Heilungsphase_nach_einer_Kolumelloplastik\" >Wie verl\u00e4uft die Heilungsphase nach einer Kolumelloplastik?<\/a><\/li><li class='ez-toc-page-1 ez-toc-heading-level-2'><a class=\"ez-toc-link ez-toc-heading-6\" href=\"https:\/\/www.alevcamcioglu.com\/de\/operation-bei-haengender-columella\/#Haeufig_gestellte_Fragen\" >H\u00e4ufig gestellte Fragen<\/a><\/li><\/ul><\/nav><\/div>\n<h2><span class=\"ez-toc-section\" id=\"Was_ist_eine_Kolumella-Senkung_und_wie_beeinflusst_sie_die_Nasenaesthetik\"><\/span>Was ist eine Kolumella-Senkung und wie beeinflusst sie die Nasen\u00e4sthetik?<span class=\"ez-toc-section-end\"><\/span><\/h2>\n<p>Eine Kolumella-Senkung entsteht, wenn die Kolumella \u2013 der Bereich unterhalb der Nasenspitze \u2013 \u00fcberm\u00e4\u00dfig nach unten h\u00e4ngt. Dies kann sowohl \u00e4sthetische als auch funktionelle Probleme verursachen und das Gesamtbild des Gesichts st\u00f6ren.<\/p>\n<p>H\u00e4ufige Ursachen:<\/p>\n<ul>\n<li aria-level=\"1\">Knorpel\u00fcberschuss<\/li>\n<li aria-level=\"1\">Verletzungen\/Trauma<\/li>\n<li aria-level=\"1\">Vorangegangene Nasenoperationen<\/li>\n<li aria-level=\"1\">Genetische Veranlagung<\/li>\n<\/ul>\n<p>\u00c4sthetisch f\u00fchrt die Kolumella-Senkung zu einem unproportionalen Erscheinungsbild der Nasenspitze, zu Asymmetrien der Nasenl\u00f6cher und einer Disharmonie mit dem \u00fcbrigen Gesicht. Im Profil und in der Frontalansicht wirkt die Nase oft st\u00f6rend prominent. Bei starker Senkung kann die Nasenatmung durch Verengung der Atemwege erschwert werden.<\/p>\n<p>Funktionelle Folgen:<\/p>\n<ul>\n<li aria-level=\"1\">Verengung der Nasenatmungswege<\/li>\n<li aria-level=\"1\">Schwierigkeiten beim Atmen<\/li>\n<li aria-level=\"1\">Gef\u00fchl der Nasenverstopfung<\/li>\n<\/ul>\n<p>Die Kolumelloplastik wird individuell angepasst, um sowohl die \u00c4sthetik als auch die Funktion der Nase zu verbessern.<\/p>\n<h2><span class=\"ez-toc-section\" id=\"Was_sind_die_haeufigsten_Ursachen_einer_Kolumella-Senkung\"><\/span>Was sind die h\u00e4ufigsten Ursachen einer Kolumella-Senkung?<span class=\"ez-toc-section-end\"><\/span><\/h2>\n<p>Die Ursachen k\u00f6nnen genetisch, durch Alterung, Trauma oder vorherige Operationen bedingt sein. Wichtige Faktoren:<\/p>\n<ul>\n<li aria-level=\"1\">Langes kaudales Septum<\/li>\n<li aria-level=\"1\">\u00dcberentwickelte mediale Knorpel<\/li>\n<li aria-level=\"1\">Erschlaffung des Weichgewebes<\/li>\n<li aria-level=\"1\">Schw\u00e4chung der Knorpelstruktur<\/li>\n<li aria-level=\"1\">Vorangegangene Nasenkorrekturen<\/li>\n<li aria-level=\"1\">Fehlerhafte Greftplatzierung<\/li>\n<li aria-level=\"1\">Narbenzug nach Trauma<\/li>\n<\/ul>\n<p>Nur mit einer sorgf\u00e4ltigen Analyse der Ursache kann eine erfolgreiche Korrektur erzielt werden.<\/p>\n<h2><span class=\"ez-toc-section\" id=\"Wie_wird_eine_Kolumella-Senkung_diagnostiziert\"><\/span>Wie wird eine Kolumella-Senkung diagnostiziert?<span class=\"ez-toc-section-end\"><\/span><\/h2>\n<p>Die Diagnose erfolgt durch eine genaue klinische Untersuchung:<\/p>\n<ul>\n<li aria-level=\"1\">Beurteilung im Profil<\/li>\n<li aria-level=\"1\">Frontale Ansicht<\/li>\n<li aria-level=\"1\">Abtasten des kaudalen Septums<\/li>\n<li aria-level=\"1\">Fotodokumentation aus verschiedenen Perspektiven<\/li>\n<li aria-level=\"1\">Messung des Nasen-Mund-Winkels<\/li>\n<li aria-level=\"1\">Analyse des Kolumella-Gesichts-Winkels<\/li>\n<li aria-level=\"1\">Kontrolle auf Alarretraktion<\/li>\n<\/ul>\n<p>Eine pr\u00e4zise Diagnostik ist essenziell f\u00fcr die Planung und Auswahl der geeigneten Operationstechnik. Dies tr\u00e4gt zu besseren \u00e4sthetischen und funktionellen Ergebnissen und zur Vermeidung von Komplikationen bei.<\/p>\n<h2><span class=\"ez-toc-section\" id=\"Mit_welchen_chirurgischen_Techniken_kann_eine_Kolumella-Senkung_korrigiert_werden\"><\/span>Mit welchen chirurgischen Techniken kann eine Kolumella-Senkung korrigiert werden?<span class=\"ez-toc-section-end\"><\/span><\/h2>\n<p>Je nach Anatomie und \u00e4sthetischer Zielsetzung kommen verschiedene Techniken zum Einsatz:<\/p>\n<ul>\n<li aria-level=\"1\">Knorpelgreft-Transplantate<\/li>\n<li aria-level=\"1\">Nahttechniken<\/li>\n<li aria-level=\"1\">Neupositionierung der medialen Knorpel<\/li>\n<li aria-level=\"1\">Reduktion des kaudalen Septums<\/li>\n<li aria-level=\"1\">Verschlankung des Kolumellagewebes<\/li>\n<\/ul>\n<p>F\u00fcr ein optimales Ergebnis m\u00fcssen Patienten postoperativ alle Empfehlungen befolgen, das Nasengewebe schonen und regelm\u00e4\u00dfige Nachsorgetermine wahrnehmen.<\/p>\n<h2><span class=\"ez-toc-section\" id=\"Wie_verlaeuft_die_Heilungsphase_nach_einer_Kolumelloplastik\"><\/span>Wie verl\u00e4uft die Heilungsphase nach einer Kolumelloplastik?<span class=\"ez-toc-section-end\"><\/span><\/h2>\n<p>Der Heilungsprozess nach Kolumelloplastik gliedert sich in mehrere Phasen:<\/p>\n<p>Erste 48 Stunden:<\/p>\n<ul>\n<li aria-level=\"1\">Schwellungen und Bluterg\u00fcsse treten auf<\/li>\n<li aria-level=\"1\">Leichte Beschwerden sind m\u00f6glich<\/li>\n<li aria-level=\"1\">Schiene zum Schutz der Nase<\/li>\n<\/ul>\n<p>Erste Woche:<\/p>\n<ul>\n<li aria-level=\"1\">H\u00f6hepunkt der Schwellung, dann Abklingen<\/li>\n<li aria-level=\"1\">Entfernung von Schiene und Verb\u00e4nden<\/li>\n<li aria-level=\"1\">Vermeidung k\u00f6rperlicher Anstrengung<\/li>\n<\/ul>\n<p>Zweite bis dritte Woche:<\/p>\n<ul>\n<li aria-level=\"1\">Deutlicher R\u00fcckgang der Schwellung<\/li>\n<li aria-level=\"1\">Leichte k\u00f6rperliche Aktivit\u00e4ten sind m\u00f6glich<\/li>\n<li aria-level=\"1\">Anstrengende T\u00e4tigkeiten und Druck auf die Nase vermeiden<\/li>\n<\/ul>\n<p>Monat 1 bis 3:<\/p>\n<ul>\n<li aria-level=\"1\">Leichte Schwellungen an der Nasenspitze k\u00f6nnen noch bestehen<\/li>\n<li aria-level=\"1\">Im Alltag vorsichtig sein<\/li>\n<\/ul>\n<p>Monat 6 bis 12:<\/p>\n<ul>\n<li aria-level=\"1\">Endg\u00fcltige Nasenform wird sichtbar<\/li>\n<li aria-level=\"1\">Schwellung klingt vollst\u00e4ndig ab, Knorpelstrukturen heilen aus<\/li>\n<\/ul>\n<p>F\u00fcr eine komplikationslose Heilung sind Hochlagern des Kopfes, Medikamenteneinnahme, Nasenhygiene und Vermeidung von Sport oder schwerem Heben wichtig. Regelm\u00e4\u00dfige Kontrolluntersuchungen unterst\u00fctzen die optimale Heilung.<\/p>\n<p>Zu den Risiken z\u00e4hlen Infektionen, leichte Narben und tempor\u00e4re Atembeschwerden. Diese sind mit ad\u00e4quater Pflege meist gut beherrschbar. Nur selten ist eine erneute Korrektur erforderlich.<\/p>\n<h2><span class=\"ez-toc-section\" id=\"Haeufig_gestellte_Fragen\"><\/span>H\u00e4ufig gestellte Fragen<span class=\"ez-toc-section-end\"><\/span><\/h2>\n<p><strong>Was ist eine Kolumella-Senkung und wie entsteht sie?<\/strong><\/p>\n<p>Eine Kolumella-Senkung ist ein Zustand, bei dem das Gewebe zwischen den Nasenl\u00f6chern nach unten h\u00e4ngt und die Nasenspitze im Profil st\u00e4rker sichtbar macht. Dies kann genetisch bedingt sein, aber auch durch altersbedingte Erschlaffung, fehlerhafte Platzierung von Knorpeln oder Grefts nach einer Rhinoplastik oder durch Verletzungen entstehen.<\/p>\n<p><strong>Welche Techniken werden bei der OP angewendet?<\/strong><\/p>\n<p>Zu den wichtigsten Verfahren geh\u00f6ren das K\u00fcrzen und Neuplatzieren der lateralen Knorpel, das Reduzieren eines verl\u00e4ngerten kaudalen Septums sowie das Hochpositionieren und Fixieren der Nasenspitzenknorpel am Septum. In einigen F\u00e4llen wird \u00fcbersch\u00fcssiger membran\u00f6ser Septumanteil entfernt oder ein Strut-Transplantat eingesetzt. Die Methode richtet sich nach Ausma\u00df und Ursache der Kolumella-Senkung.<\/p>\n<p><strong>Besteht ein Narbenrisiko nach der Operation?<\/strong><\/p>\n<p>Kolumelloplastik erfolgt meist offen-chirurgisch mit \u00e4u\u00dferem Zugang. Narbenbildung ist m\u00f6glich, wird aber durch erfahrene Chirurg\\:innen und sorgf\u00e4ltige Technik minimiert. Studien zeigen, dass die Mehrheit der Patient\\:innen die Narbe als nicht st\u00f6rend empfindet. Deutliche Narben entstehen h\u00e4ufiger bei mehrfachen Voroperationen oder pigmentierter Haut. Moderne Schnitttechniken (W-, umgekehrte V-Schnitte) reduzieren das Risiko weiter.<\/p>\n<p><strong>Kann die Korrektur einer Kolumella-Senkung das Atmen verbessern?<\/strong><\/p>\n<p>Ja, die Korrektur kann den Nasenluftstrom verbessern, besonders wenn eine Verengung der Nasen\u00f6ffnungen oder eine Fehlstellung des Septums vorliegt. Verfahren wie die Transplantation von Kolumella-Strut-Transplantaten stabilisieren die Nasenbasis, heben die Nasenspitze und optimieren die Atmungsfunktion.<\/p>\n<p><strong>Wie lange dauert die Heilung nach der OP?<\/strong><\/p>\n<p>Die Erholungszeit variiert individuell. In der Regel k\u00f6nnen die meisten Patient\\:innen nach einer Woche wieder arbeiten oder leichte Aktivit\u00e4ten aufnehmen. Die st\u00e4rksten Schwellungen und Bluterg\u00fcsse klingen innerhalb von zwei bis vier Wochen ab. Die vollst\u00e4ndige Heilung und das endg\u00fcltige Ergebnis k\u00f6nnen jedoch bis zu zw\u00f6lf Monate dauern. F\u00fcr ein optimales Resultat ist es wichtig, alle Anweisungen des Chirurgen zu befolgen und regelm\u00e4\u00dfige Nachsorge wahrzunehmen.<\/p>\n","protected":false},"excerpt":{"rendered":"<p>Eine h\u00e4ngende Columella liegt vor, wenn der Gewebestreifen zwischen den Nasenl\u00f6chern deutlich nach unten ragt. Dies kann das \u00e4sthetische Erscheinungsbild st\u00f6ren und in manchen F\u00e4llen auch die Nasenfunktion beeintr\u00e4chtigen. Die operative Korrektur umfasst das Anpassen von Knorpel- und Weichteilstrukturen. Ziel ist es, die Columella zu verk\u00fcrzen und in Einklang mit Nasenspitze und Nasenfl\u00fcgeln zu bringen. [&#8230;]\n","protected":false},"author":990002,"featured_media":6667,"comment_status":"closed","ping_status":"open","sticky":false,"template":"","format":"standard","meta":{"footnotes":""},"categories":[78],"tags":[],"class_list":["post-10057","post","type-post","status-publish","format-standard","has-post-thumbnail","hentry","category-nasen-op"],"_links":{"self":[{"href":"https:\/\/www.alevcamcioglu.com\/de\/wp-json\/wp\/v2\/posts\/10057","targetHints":{"allow":["GET"]}}],"collection":[{"href":"https:\/\/www.alevcamcioglu.com\/de\/wp-json\/wp\/v2\/posts"}],"about":[{"href":"https:\/\/www.alevcamcioglu.com\/de\/wp-json\/wp\/v2\/types\/post"}],"author":[{"embeddable":true,"href":"https:\/\/www.alevcamcioglu.com\/de\/wp-json\/wp\/v2\/users\/990002"}],"replies":[{"embeddable":true,"href":"https:\/\/www.alevcamcioglu.com\/de\/wp-json\/wp\/v2\/comments?post=10057"}],"version-history":[{"count":2,"href":"https:\/\/www.alevcamcioglu.com\/de\/wp-json\/wp\/v2\/posts\/10057\/revisions"}],"predecessor-version":[{"id":10610,"href":"https:\/\/www.alevcamcioglu.com\/de\/wp-json\/wp\/v2\/posts\/10057\/revisions\/10610"}],"wp:featuredmedia":[{"embeddable":true,"href":"https:\/\/www.alevcamcioglu.com\/de\/wp-json\/wp\/v2\/media\/6667"}],"wp:attachment":[{"href":"https:\/\/www.alevcamcioglu.com\/de\/wp-json\/wp\/v2\/media?parent=10057"}],"wp:term":[{"taxonomy":"category","embeddable":true,"href":"https:\/\/www.alevcamcioglu.com\/de\/wp-json\/wp\/v2\/categories?post=10057"},{"taxonomy":"post_tag","embeddable":true,"href":"https:\/\/www.alevcamcioglu.com\/de\/wp-json\/wp\/v2\/tags?post=10057"}],"curies":[{"name":"wp","href":"https:\/\/api.w.org\/{rel}","templated":true}]}}